{"id":8544,"date":"2017-05-26T12:06:35","date_gmt":"2017-05-26T15:06:35","guid":{"rendered":"http:\/\/www.atecordoba.org\/?p=8544"},"modified":"2017-05-26T12:06:35","modified_gmt":"2017-05-26T15:06:35","slug":"repudio-a-la-salvaje-e-ilegalmente-detencion-del-secretario-adjunto-de-ate-rio-negro","status":"publish","type":"post","link":"https:\/\/atecordoba.org\/?p=8544","title":{"rendered":"Repudio a la salvaje e ilegalmente detenci\u00f3n del secretario Adjunto de ATE R\u00edo Negro"},"content":{"rendered":"<p><em>El Consejo Directivo Provincial repudia la detenci\u00f3n del compa\u00f1ero Aldo Capretti, enmarcada en la grave persecuci\u00f3n&nbsp;que el gobierno rionegrino arremete contra ATE.<\/em><\/p>\n<p><img loading=\"lazy\" decoding=\"async\" class=\"aligncenter size-full wp-image-8547\" src=\"http:\/\/www.atecordoba.org\/wp-content\/uploads\/2017\/05\/aldo-capretti-e1495811130764.jpg\" alt=\"\" width=\"550\" height=\"309\"><\/p>\n<p><span style=\"font-style: inherit; font-weight: inherit;\">Durante la tarde\/noche de hoy, la Polic\u00eda Provincial -sin ninguna orden judicial y haciendo uso de una marcada brutalidad- detuvo en su domicilio al Secretario Adjunto de ATE y CTA R\u00edo Negro, Aldo Capretti. Como no hab\u00eda ninguna c\u00e1mara que captara el asalto, la violencia policial no tuvo l\u00edmites. <\/span><\/p>\n<p><span style=\"font-style: inherit; font-weight: inherit;\">De acuerdo se\u00f1alan los testigos del hecho, Capretti, que no ofreci\u00f3 resistencia, fue tirado sobre la vereda de su casa, golpeado y esposado. Tampoco se le ofrecieron las garant\u00edas constitucionales, ni mucho menos acceso a los derechos m\u00e1s b\u00e1sicos. En este momento se encuentra detenido en la Comisar\u00eda 1\u00b0 de Viedma, donde un importante n\u00famero de trabajadores y dirigentes sociales se concentraron de manera autom\u00e1tica y montar\u00e1n una guardia hasta el dirigente recupere su libertad.<\/span><\/p>\n<p><span style=\"font-style: inherit; font-weight: inherit;\">Esta detenci\u00f3n ilegal se enmarca en las \u00f3rdenes de captura propuestas por el Fiscal Juan Pedro Puntel y promovidas por el Juez Carlos Mussi, en la causa armada por coacci\u00f3n agravada contra un grupo de dirigentes sindicales y sociales. Seg\u00fan se pudo saber, por la misma causa se orden\u00f3 la detenci\u00f3n del Secretario General de ATE y CTA R\u00edo Negro, Rodolfo Aguiar y de otros dirigentes de la Central Obrera.<\/span><\/p>\n<p><span style=\"font-style: inherit; font-weight: inherit;\">Sin duda -impulsado por el respaldo que le dieron los diputados oficiales y algunos supuestos opositores en la Legislatura, aprobando el saqueo de la provincia que significar\u00e1 el Plan Castello- el Gobernador Alberto Weretilneck lanz\u00f3 desde la Justicia una cacer\u00eda de brujas y no se detendr\u00e1 hasta tener a su principal cr\u00edtico tras las rejas.<\/span><\/p>\n<p><span style=\"font-style: inherit; font-weight: inherit;\">Cabe destacar que incluso a partir de las im\u00e1genes fotogr\u00e1ficas y de las filmaciones -que muestran tumultos y empujones- no existe ning\u00fan elemento para acusar al Secretario Adjunto de ATE por los delitos que se se\u00f1alan. Asimismo, teniendo en cuenta que la fuerza policial que imped\u00eda el ingreso ciudadano al recinto legislativo pertenece a la misma fuerza que ampara a violadores, narcos, hace desaparecer personas y hasta asesina polic\u00edas, no se puede descartar que las supuestas heridas que son bandera del Gobierno para acusar a los manifestantes, haya sido auto-infringidas, de manera de tener una excusa para llevar a prisi\u00f3n a los sindicalistas cr\u00edticos.Desde la entidad sindical y su Central de trabajadores se repudia abiertamente esta salvaje detenci\u00f3n y r\u00e1pidamente se lanzar\u00e1n acciones directas y medidas de fuerza para enfrentar la violencia institucionalizada.<\/span><\/p>\n","protected":false},"excerpt":{"rendered":"<p>El Consejo Directivo Provincial repudia la detenci\u00f3n del compa\u00f1ero Aldo Capretti, enmarcada en la grave persecuci\u00f3n&nbsp;que el gobierno rionegrino arremete contra ATE. Durante la tarde\/noche de hoy, la Polic\u00eda Provincial -sin ninguna orden judicial y haciendo uso de una marcada brutalidad- detuvo en su domicilio al Secretario Adjunto de ATE y CTA R\u00edo Negro, Aldo [&hellip;]<\/p>\n","protected":false},"author":1,"featured_media":19220,"comment_status":"open","ping_status":"open","sticky":false,"template":"","format":"standard","meta":{"_exactmetrics_skip_tracking":false,"_exactmetrics_sitenote_active":false,"_exactmetrics_sitenote_note":"","_exactmetrics_sitenote_category":0,"jnews-multi-image_gallery":[],"jnews_single_post":[],"jnews_primary_category":[],"jnews_social_meta":[],"jnews_review":[],"enable_review":"","type":"","name":"","summary":"","brand":"","sku":"","good":[],"bad":[],"score_override":"","override_value":"","rating":[],"price":[],"jnews_override_counter":[],"jnews_post_split":[],"footnotes":""},"categories":[10],"tags":[],"class_list":["post-8544","post","type-post","status-publish","format-standard","has-post-thumbnail","hentry","category-accion-politica"],"jetpack_featured_media_url":"https:\/\/atecordoba.org\/wp-content\/uploads\/2020\/05\/logo-nuevochico-e1561581322808.png","_links":{"self":[{"href":"https:\/\/atecordoba.org\/index.php?rest_route=\/wp\/v2\/posts\/8544","targetHints":{"allow":["GET"]}}],"collection":[{"href":"https:\/\/atecordoba.org\/index.php?rest_route=\/wp\/v2\/posts"}],"about":[{"href":"https:\/\/atecordoba.org\/index.php?rest_route=\/wp\/v2\/types\/post"}],"author":[{"embeddable":true,"href":"https:\/\/atecordoba.org\/index.php?rest_route=\/wp\/v2\/users\/1"}],"replies":[{"embeddable":true,"href":"https:\/\/atecordoba.org\/index.php?rest_route=%2Fwp%2Fv2%2Fcomments&post=8544"}],"version-history":[{"count":0,"href":"https:\/\/atecordoba.org\/index.php?rest_route=\/wp\/v2\/posts\/8544\/revisions"}],"wp:featuredmedia":[{"embeddable":true,"href":"https:\/\/atecordoba.org\/index.php?rest_route=\/wp\/v2\/media\/19220"}],"wp:attachment":[{"href":"https:\/\/atecordoba.org\/index.php?rest_route=%2Fwp%2Fv2%2Fmedia&parent=8544"}],"wp:term":[{"taxonomy":"category","embeddable":true,"href":"https:\/\/atecordoba.org\/index.php?rest_route=%2Fwp%2Fv2%2Fcategories&post=8544"},{"taxonomy":"post_tag","embeddable":true,"href":"https:\/\/atecordoba.org\/index.php?rest_route=%2Fwp%2Fv2%2Ftags&post=8544"}],"curies":[{"name":"wp","href":"https:\/\/api.w.org\/{rel}","templated":true}]}}