{"id":8534,"date":"2017-05-26T10:49:54","date_gmt":"2017-05-26T13:49:54","guid":{"rendered":"http:\/\/www.atecordoba.org\/?p=8534"},"modified":"2017-05-26T10:49:54","modified_gmt":"2017-05-26T13:49:54","slug":"godoy-el-gobierno-no-comprende-que-los-trabajadores-no-nos-resignamos","status":"publish","type":"post","link":"https:\/\/atecordoba.org\/?p=8534","title":{"rendered":"Godoy: \u201cEl Gobierno no comprende que los trabajadores no nos resignamos\u201d"},"content":{"rendered":"<p><em>El mi\u00e9rcoles ATE cerro la Jornada Nacional de Lucha con un abrazo al Cabildo de la Capital Federal.<\/em><\/p>\n<p><img loading=\"lazy\" decoding=\"async\" class=\"aligncenter size-full wp-image-8535\" src=\"http:\/\/www.atecordoba.org\/wp-content\/uploads\/2017\/05\/9755_4840-e1495805436880.jpg\" alt=\"\" width=\"550\" height=\"367\"><\/p>\n<p>En v\u00edsperas del aniversario de la Revoluci\u00f3n de Mayo, ATE protagoniz\u00f3 una jornada nacional de lucha con paros y movilizaciones en todas las provincias y en los distintos \u00e1mbitos laborales. Manifestaron as\u00ed su repudio al acuerdo salarial a la baja y a las bonificaciones por presentismo y productividad.&nbsp;<\/p>\n<p>Como cierre, los estatales abrazaron al Cabildo, s\u00edmbolo de la lucha contra el coloniaje y de la construcci\u00f3n de un proyecto de Naci\u00f3n y de Estado popular.<\/p>\n<div class=\"epyt-video-wrapper\"><iframe loading=\"lazy\"  style=\"display: block; margin: 0px auto;\"  id=\"_ytid_90961\"  width=\"480\" height=\"270\"  data-origwidth=\"480\" data-origheight=\"270\" src=\"https:\/\/www.youtube.com\/embed\/J5ETFsqaf-w?enablejsapi=1&#038;autoplay=0&#038;cc_load_policy=0&#038;cc_lang_pref=&#038;iv_load_policy=3&#038;loop=0&#038;rel=0&#038;fs=1&#038;playsinline=0&#038;autohide=2&#038;theme=dark&#038;color=red&#038;controls=1&#038;disablekb=0&#038;\" class=\"__youtube_prefs__  epyt-is-override  no-lazyload\" title=\"YouTube player\"  allow=\"fullscreen; accelerometer; autoplay; clipboard-write; encrypted-media; gyroscope; picture-in-picture; web-share\" referrerpolicy=\"strict-origin-when-cross-origin\" allowfullscreen data-no-lazy=\"1\" data-skipgform_ajax_framebjll=\"\"><\/iframe><\/div>\n<p>En ese sentido se expres\u00f3 Hugo \u201cCachorro\u201d Godoy, Secretario General de ATE Nacional: \u201cEl Gobierno no comprenden que los trabajadores y trabajadoras no nos resignamos; nos llevar\u00e1 m\u00e1s o menos tiempo pero seremos capaces de construir una organizaci\u00f3n puesta al servicio de los derechos de los trabajadores y de las mayor\u00edas&nbsp;&nbsp;populares\u201d, indic\u00f3.<\/p>\n<p><img loading=\"lazy\" decoding=\"async\" class=\"aligncenter size-full wp-image-8538\" src=\"http:\/\/www.atecordoba.org\/wp-content\/uploads\/2017\/05\/9755_4833-e1495806459484.jpg\" alt=\"\" width=\"550\" height=\"367\"><\/p>\n<p>En la jornada participaron Silvia Le\u00f3n, Secretaria de Organizaci\u00f3n de ATE Nacional; Mario Mu\u00f1oz, Secretario Gremial; Gladys Sosa, Secretaria de Finanzas; Oscar De Isasi, Secretario General de ATE y CTA-A Provincia de Buenos Aires; Walter Oliverio, Director de Cultura; Marta Galante, Directora del \u00e1rea de G\u00e9nero; Mirtha Mateos y Leonardo V\u00e1zquez del CDN.<\/p>\n<p>Luego de cortar la General Paz y Constituyentes, las trabajadoras y trabajadores del INTI arribaron a la plaza de Mayo. Tambi\u00e9n nutrieron la jornada las y los militantes de ATE con sus cuerpos de delegados y juntas internas de provincia de Buenos Aires y Capital Federal , de los sectores de salud, educaci\u00f3n, Desarrollo Social, del IOSFA, Cultura, del CONICET, del INDEC, de Astilleros, del Hospital Franc\u00e9s nacionalizado en el PAMI, entre otros.<\/p>\n<p><b><strong style=\"font-style: inherit;\">\u201cConfiemos en nuestros compa\u00f1eros\u201d<\/strong><\/b><\/p>\n<p>Al iniciar el acto, Cachorro Godoy salud\u00f3 las medidas que se realizaron en todo el territorio nacional en el marco de la jornada de lucha. Resalt\u00f3 las peleas que dieron los estatales en R\u00edo Negro y Santa Cruz, donde a ra\u00edz de ello fueron brutalmente reprimidos.<\/p>\n<p><img loading=\"lazy\" decoding=\"async\" class=\"aligncenter size-full wp-image-8541\" src=\"http:\/\/www.atecordoba.org\/wp-content\/uploads\/2017\/05\/9755_4836-e1495806442703.jpg\" alt=\"\" width=\"550\" height=\"367\"><\/p>\n<p>&nbsp;<\/p>\n<p>\u201cCachorro\u201d luego se refiri\u00f3 al acuerdo salarial a la baja que el gobierno le impuso al sindicato oficialista: \u201cEstos gobiernos no se animan a discutir las verdades que planteamos los trabajadores por eso necesitan alcahuetes que les sostengan la entrega que hacen\u201d, apunt\u00f3 Godoy, quien explic\u00f3 que el acuerdo no solo significa una baja salarial sino que profundiza la discriminaci\u00f3n hacia las mujeres. \u201cLas mujeres son mayor\u00eda en el Estado y que son las que m\u00e1s van a sufrir la indignidad del presentismo para reducir su salario\u201d, subray\u00f3.<\/p>\n<p>El dirigente record\u00f3 las bases de la construcci\u00f3n de ATE al indicar: \u201cNosotros desde ATE apostamos a la dignidad y la consciencia de los trabajadores y trabajadoras, a la consciencia de que peleamos por salario pero tambi\u00e9n para que se garantice un Estado al servicio del pueblo\u201d.<\/p>\n<p>Al cerrar, \u201cCachorro\u201d anunci\u00f3 la jornada de lucha del 14 de junio, en la que, junto a las organizaciones de la CTA se realizar\u00e1n ollas populares, cortes de ruta y paros en todo el pa\u00eds.<\/p>\n<p>Y concluy\u00f3 haciendo un llamado a los y las militantes: \u201cConfiemos en nuestros compa\u00f1eros y compa\u00f1eras que todav\u00eda desconf\u00edan de sus pares y no se anima a pelear hombro con hombro, si perseveramos, si somos coherentes, esos compa\u00f1eros nos volver\u00e1n a hacer la mayor\u00eda en la representaci\u00f3n de los estatales\u201d.<\/p>\n<p><b><strong style=\"font-style: inherit;\">\u201cLos trabajadores somos los que le ponemos el hombro al Estado\u201d<\/strong><\/b><\/p>\n<p>As\u00ed se expres\u00f3 Oscar De Isasi, Secretario General de ATE y CTA-A Provincia de Buenos Aires al manifestar el respaldo del CDP a la Conducci\u00f3n Nacional en su rechazo al acuerdo a la baja y a las bonificaciones.<\/p>\n<p>\u201cAquel que firma por la productividad asume que el problema del Estado somos los estatales y entonces est\u00e1n en la vereda de en frente\u201d, dijo De Isasi.<\/p>\n<p><img loading=\"lazy\" decoding=\"async\" class=\"aligncenter size-full wp-image-8537\" src=\"http:\/\/www.atecordoba.org\/wp-content\/uploads\/2017\/05\/9755_4835-e1495806385137.jpg\" alt=\"\" width=\"550\" height=\"367\"><\/p>\n<p>\u201cLos trabajadores y trabajadoras no somos el problema sino que somos los que todos los d\u00edas le ponemos el hombro al Estado mientras ellos lo destruyen con sus pol\u00edticas de vaciamiento y quieren ponerlo al servicio de los poderes concentrados\u201d, sentenci\u00f3.<\/p>\n<p>Tambi\u00e9n salud\u00f3 a los presentes Gladys Sosa, Secretaria de Finanzas de ATE Nacional, quien resalt\u00f3 que las asambleas y movilizaciones&nbsp;&nbsp;que se realizaron durante toda la jornada le dan continuidad a la dura pelea de los trabajadores.<\/p>\n<p>\u201cA la gente que todav\u00eda est\u00e1 adormecida tenemos que demostrarle que ac\u00e1 est\u00e1n los que pelean\u201d, exclam\u00f3.<\/p>\n<p><b><strong style=\"font-style: inherit;\">Presentes<\/strong><\/b><\/p>\n<p>Al cierre de la jornada se homenaje\u00f3 a Eduardo Sotelo, trabajador de ATE y miembro de la conducci\u00f3n Nacional, quien falleci\u00f3 el pasado fin de semana. Tambi\u00e9n se record\u00f3 a Laura Iglesias, trabajadora del Patronato de Liberados, asesinada por las condiciones de trabajo hace cuatro a\u00f1os.<\/p>\n","protected":false},"excerpt":{"rendered":"<p>El mi\u00e9rcoles ATE cerro la Jornada Nacional de Lucha con un abrazo al Cabildo de la Capital Federal. En v\u00edsperas del aniversario de la Revoluci\u00f3n de Mayo, ATE protagoniz\u00f3 una jornada nacional de lucha con paros y movilizaciones en todas las provincias y en los distintos \u00e1mbitos laborales. Manifestaron as\u00ed su repudio al acuerdo salarial [&hellip;]<\/p>\n","protected":false},"author":1,"featured_media":19220,"comment_status":"open","ping_status":"open","sticky":false,"template":"","format":"standard","meta":{"_exactmetrics_skip_tracking":false,"_exactmetrics_sitenote_active":false,"_exactmetrics_sitenote_note":"","_exactmetrics_sitenote_category":0,"jnews-multi-image_gallery":[],"jnews_single_post":[],"jnews_primary_category":[],"jnews_social_meta":[],"jnews_review":[],"enable_review":"","type":"","name":"","summary":"","brand":"","sku":"","good":[],"bad":[],"score_override":"","override_value":"","rating":[],"price":[],"jnews_override_counter":[],"jnews_post_split":[],"footnotes":""},"categories":[10,21],"tags":[],"class_list":["post-8534","post","type-post","status-publish","format-standard","has-post-thumbnail","hentry","category-accion-politica","category-paro-nacional"],"jetpack_featured_media_url":"https:\/\/atecordoba.org\/wp-content\/uploads\/2020\/05\/logo-nuevochico-e1561581322808.png","_links":{"self":[{"href":"https:\/\/atecordoba.org\/index.php?rest_route=\/wp\/v2\/posts\/8534","targetHints":{"allow":["GET"]}}],"collection":[{"href":"https:\/\/atecordoba.org\/index.php?rest_route=\/wp\/v2\/posts"}],"about":[{"href":"https:\/\/atecordoba.org\/index.php?rest_route=\/wp\/v2\/types\/post"}],"author":[{"embeddable":true,"href":"https:\/\/atecordoba.org\/index.php?rest_route=\/wp\/v2\/users\/1"}],"replies":[{"embeddable":true,"href":"https:\/\/atecordoba.org\/index.php?rest_route=%2Fwp%2Fv2%2Fcomments&post=8534"}],"version-history":[{"count":0,"href":"https:\/\/atecordoba.org\/index.php?rest_route=\/wp\/v2\/posts\/8534\/revisions"}],"wp:featuredmedia":[{"embeddable":true,"href":"https:\/\/atecordoba.org\/index.php?rest_route=\/wp\/v2\/media\/19220"}],"wp:attachment":[{"href":"https:\/\/atecordoba.org\/index.php?rest_route=%2Fwp%2Fv2%2Fmedia&parent=8534"}],"wp:term":[{"taxonomy":"category","embeddable":true,"href":"https:\/\/atecordoba.org\/index.php?rest_route=%2Fwp%2Fv2%2Fcategories&post=8534"},{"taxonomy":"post_tag","embeddable":true,"href":"https:\/\/atecordoba.org\/index.php?rest_route=%2Fwp%2Fv2%2Ftags&post=8534"}],"curies":[{"name":"wp","href":"https:\/\/api.w.org\/{rel}","templated":true}]}}