{"id":8521,"date":"2017-05-22T18:03:14","date_gmt":"2017-05-22T21:03:14","guid":{"rendered":"http:\/\/www.atecordoba.org\/?p=8521"},"modified":"2017-05-22T18:03:14","modified_gmt":"2017-05-22T21:03:14","slug":"24-de-mayo-jornada-nacional-de-protesta","status":"publish","type":"post","link":"https:\/\/atecordoba.org\/?p=8521","title":{"rendered":"24 de mayo: jornada nacional de protesta"},"content":{"rendered":"<p><em>El Consejo Directivo Nacional convoca a una jornada nacional de lucha para el pr\u00f3ximo mi\u00e9rcoles en todo el pa\u00eds y pro 24 horas.<\/em><\/p>\n<p><img loading=\"lazy\" decoding=\"async\" class=\"aligncenter size-full wp-image-8522\" src=\"http:\/\/www.atecordoba.org\/wp-content\/uploads\/2017\/05\/jornada-nacional-de-lucha-e1495486959526.jpeg\" alt=\"\" width=\"435\" height=\"600\"><\/p>\n<p>La medida se fundamenta en el reclamo por paritarias sin techo y el rechazo al l\u00edmite que impuso Macri a la paritaria de los estatales nacionales, por la reapertura de dicha paritaria, en repudio a la precarizaci\u00f3n laboral, por el cese de los despidos y la reincorporaci\u00f3n de los despedidos, en defensa del sistema p\u00fablico previsional y por el 82% m\u00f3vil para todos los jubilados, por el cese de la judicializaci\u00f3n de la protesta y el desprocesamiento de los&nbsp;compa\u00f1eros procesados.<\/p>\n<p>En C\u00f3rdoba, ma\u00f1ana se definir\u00e1 la modalidad para llevar a cabo la medida de fuerza.<\/p>\n<p>&nbsp;<\/p>\n","protected":false},"excerpt":{"rendered":"<p>El Consejo Directivo Nacional convoca a una jornada nacional de lucha para el pr\u00f3ximo mi\u00e9rcoles en todo el pa\u00eds y pro 24 horas. La medida se fundamenta en el reclamo por paritarias sin techo y el rechazo al l\u00edmite que impuso Macri a la paritaria de los estatales nacionales, por la reapertura de dicha paritaria, [&hellip;]<\/p>\n","protected":false},"author":1,"featured_media":19220,"comment_status":"open","ping_status":"open","sticky":false,"template":"","format":"standard","meta":{"_exactmetrics_skip_tracking":false,"_exactmetrics_sitenote_active":false,"_exactmetrics_sitenote_note":"","_exactmetrics_sitenote_category":0,"jnews-multi-image_gallery":[],"jnews_single_post":[],"jnews_primary_category":[],"jnews_social_meta":[],"jnews_review":[],"enable_review":"","type":"","name":"","summary":"","brand":"","sku":"","good":[],"bad":[],"score_override":"","override_value":"","rating":[],"price":[],"jnews_override_counter":[],"jnews_post_split":[],"footnotes":""},"categories":[21],"tags":[],"class_list":["post-8521","post","type-post","status-publish","format-standard","has-post-thumbnail","hentry","category-paro-nacional"],"jetpack_featured_media_url":"https:\/\/atecordoba.org\/wp-content\/uploads\/2020\/05\/logo-nuevochico-e1561581322808.png","_links":{"self":[{"href":"https:\/\/atecordoba.org\/index.php?rest_route=\/wp\/v2\/posts\/8521","targetHints":{"allow":["GET"]}}],"collection":[{"href":"https:\/\/atecordoba.org\/index.php?rest_route=\/wp\/v2\/posts"}],"about":[{"href":"https:\/\/atecordoba.org\/index.php?rest_route=\/wp\/v2\/types\/post"}],"author":[{"embeddable":true,"href":"https:\/\/atecordoba.org\/index.php?rest_route=\/wp\/v2\/users\/1"}],"replies":[{"embeddable":true,"href":"https:\/\/atecordoba.org\/index.php?rest_route=%2Fwp%2Fv2%2Fcomments&post=8521"}],"version-history":[{"count":0,"href":"https:\/\/atecordoba.org\/index.php?rest_route=\/wp\/v2\/posts\/8521\/revisions"}],"wp:featuredmedia":[{"embeddable":true,"href":"https:\/\/atecordoba.org\/index.php?rest_route=\/wp\/v2\/media\/19220"}],"wp:attachment":[{"href":"https:\/\/atecordoba.org\/index.php?rest_route=%2Fwp%2Fv2%2Fmedia&parent=8521"}],"wp:term":[{"taxonomy":"category","embeddable":true,"href":"https:\/\/atecordoba.org\/index.php?rest_route=%2Fwp%2Fv2%2Fcategories&post=8521"},{"taxonomy":"post_tag","embeddable":true,"href":"https:\/\/atecordoba.org\/index.php?rest_route=%2Fwp%2Fv2%2Ftags&post=8521"}],"curies":[{"name":"wp","href":"https:\/\/api.w.org\/{rel}","templated":true}]}}