{"id":8516,"date":"2017-05-22T17:41:22","date_gmt":"2017-05-22T20:41:22","guid":{"rendered":"http:\/\/www.atecordoba.org\/?p=8516"},"modified":"2017-05-22T17:41:22","modified_gmt":"2017-05-22T20:41:22","slug":"ate-repudia-la-represion-de-gendarmeria-a-los-estatales-de-santa-cruz","status":"publish","type":"post","link":"https:\/\/atecordoba.org\/?p=8516","title":{"rendered":"ATE repudia la represi\u00f3n de Gendarmer\u00eda a los estatales de Santa Cruz"},"content":{"rendered":"<p><em>Ayer por la tarde la&nbsp;fuerza federal reprimi\u00f3 y desaloj\u00f3 la ruta N\u00ba 3, que se encontraba cortada por estatales de ATE desde hace 12 d\u00edas.<\/em><\/p>\n<p><img loading=\"lazy\" decoding=\"async\" class=\"aligncenter size-full wp-image-8517\" src=\"http:\/\/www.atecordoba.org\/wp-content\/uploads\/2017\/05\/santa-cruz-represion-1-e1495485570748.jpg\" alt=\"\" width=\"550\" height=\"366\"><\/p>\n<p>Con un mar de fondo de la grave crisis que sufren los trabajadores estatales de Santa Cruz desde hace meses, producto del descalabro y el ajuste que el gobierno provincial somete a la poblaci\u00f3n, ayer la Gendarmer\u00eda intervino con una brutal represi\u00f3n, que dej\u00f3 un saldo de ocho compa\u00f1eros heridos y dos detenidos, lo que motiv\u00f3 una movilizaci\u00f3n que tuvo lugar en la tarde del domingo en Caleta Olivia. Tambi\u00e9n, hubo varios afectados por los gases lacrim\u00f3genos que tiraron los gendarmes.<\/p>\n<p>El consejo Directivo Provincial de ATE C\u00f3rdoba expresa su profundo repudio a la pol\u00edtica del garrote con que los gobernantes quieren administrar un conflicto que se origina en las administraciones nacional y provincial, pero que sufren particularmente los estatales.<\/p>\n<p><img loading=\"lazy\" decoding=\"async\" class=\"aligncenter size-full wp-image-8518\" src=\"http:\/\/www.atecordoba.org\/wp-content\/uploads\/2017\/05\/santa-cruz-represion-2-e1495485604539.jpg\" alt=\"\" width=\"550\" height=\"366\"><\/p>\n<p>Hacemos propias la palabra del compa\u00f1ero Alejandro Garz\u00f3n, secretario General de ATE Santa Cruz, cuando dijo que \u201cla Gendarmer\u00eda Nacional nunca act\u00faa por cuenta propia sino siguiendo expresas \u00f3rdenes pol\u00edticas, ha reprimido a un grupo de trabajadores que se manifestaban en la ruta. Es vergonzoso que esto haya ocurrido\u201d.<\/p>\n<p><img loading=\"lazy\" decoding=\"async\" class=\"aligncenter size-full wp-image-8519\" src=\"http:\/\/www.atecordoba.org\/wp-content\/uploads\/2017\/05\/santa-cruz-represion-3-e1495485648231.jpg\" alt=\"\" width=\"550\" height=\"366\"><\/p>\n<p>Exigimos la liberaci\u00f3n de los compa\u00f1eros detenidos por la gendarmer\u00eda. Y reclamamos al gobierno que retome el di\u00e1logo en vez de acudir a estrategias propias de otros tiempos para intentar resolver un conflicto social.<\/p>\n<p style=\"text-align: right;\">Mar\u00eda Liliana Salerno<\/p>\n<p style=\"text-align: right;\">Secretaria General<\/p>\n","protected":false},"excerpt":{"rendered":"<p>Ayer por la tarde la&nbsp;fuerza federal reprimi\u00f3 y desaloj\u00f3 la ruta N\u00ba 3, que se encontraba cortada por estatales de ATE desde hace 12 d\u00edas. Con un mar de fondo de la grave crisis que sufren los trabajadores estatales de Santa Cruz desde hace meses, producto del descalabro y el ajuste que el gobierno provincial [&hellip;]<\/p>\n","protected":false},"author":1,"featured_media":19220,"comment_status":"open","ping_status":"open","sticky":false,"template":"","format":"standard","meta":{"_exactmetrics_skip_tracking":false,"_exactmetrics_sitenote_active":false,"_exactmetrics_sitenote_note":"","_exactmetrics_sitenote_category":0,"jnews-multi-image_gallery":[],"jnews_single_post":[],"jnews_primary_category":[],"jnews_social_meta":[],"jnews_review":[],"enable_review":"","type":"","name":"","summary":"","brand":"","sku":"","good":[],"bad":[],"score_override":"","override_value":"","rating":[],"price":[],"jnews_override_counter":[],"jnews_post_split":[],"footnotes":""},"categories":[10],"tags":[],"class_list":["post-8516","post","type-post","status-publish","format-standard","has-post-thumbnail","hentry","category-accion-politica"],"jetpack_featured_media_url":"https:\/\/atecordoba.org\/wp-content\/uploads\/2020\/05\/logo-nuevochico-e1561581322808.png","_links":{"self":[{"href":"https:\/\/atecordoba.org\/index.php?rest_route=\/wp\/v2\/posts\/8516","targetHints":{"allow":["GET"]}}],"collection":[{"href":"https:\/\/atecordoba.org\/index.php?rest_route=\/wp\/v2\/posts"}],"about":[{"href":"https:\/\/atecordoba.org\/index.php?rest_route=\/wp\/v2\/types\/post"}],"author":[{"embeddable":true,"href":"https:\/\/atecordoba.org\/index.php?rest_route=\/wp\/v2\/users\/1"}],"replies":[{"embeddable":true,"href":"https:\/\/atecordoba.org\/index.php?rest_route=%2Fwp%2Fv2%2Fcomments&post=8516"}],"version-history":[{"count":0,"href":"https:\/\/atecordoba.org\/index.php?rest_route=\/wp\/v2\/posts\/8516\/revisions"}],"wp:featuredmedia":[{"embeddable":true,"href":"https:\/\/atecordoba.org\/index.php?rest_route=\/wp\/v2\/media\/19220"}],"wp:attachment":[{"href":"https:\/\/atecordoba.org\/index.php?rest_route=%2Fwp%2Fv2%2Fmedia&parent=8516"}],"wp:term":[{"taxonomy":"category","embeddable":true,"href":"https:\/\/atecordoba.org\/index.php?rest_route=%2Fwp%2Fv2%2Fcategories&post=8516"},{"taxonomy":"post_tag","embeddable":true,"href":"https:\/\/atecordoba.org\/index.php?rest_route=%2Fwp%2Fv2%2Ftags&post=8516"}],"curies":[{"name":"wp","href":"https:\/\/api.w.org\/{rel}","templated":true}]}}