{"id":8513,"date":"2017-05-22T17:36:06","date_gmt":"2017-05-22T20:36:06","guid":{"rendered":"http:\/\/www.atecordoba.org\/?p=8513"},"modified":"2017-05-22T17:36:06","modified_gmt":"2017-05-22T20:36:06","slug":"pesar-por-el-fallecimiento-de-companero-eduardo-sotelo","status":"publish","type":"post","link":"https:\/\/atecordoba.org\/?p=8513","title":{"rendered":"Pesar por el fallecimiento de compa\u00f1ero Eduardo Sotelo"},"content":{"rendered":"<p><em>El&nbsp; CDP C\u00f3rdoba quiere expresar su pesar por el fallecimiento del compa\u00f1ero Sotelo, miembro de la conducci\u00f3n nacional de ATE y delegado general de Parques Nacionales.<\/em><\/p>\n<p><img loading=\"lazy\" decoding=\"async\" class=\"aligncenter size-full wp-image-8514\" src=\"http:\/\/www.atecordoba.org\/wp-content\/uploads\/2017\/05\/sotelo-e1495485309987.jpg\" alt=\"\" width=\"550\" height=\"308\"><\/p>\n<p>Se trat\u00f3 de un compa\u00f1ero que siempre colabor\u00f3 con C\u00f3rdoba, no solo en lo que respecta a su sector sino a cualquier compa\u00f1ero que lo necesitase. Estuvo en C\u00f3rdoba y dej\u00f3 un recuerdo fraterno que llevaremos con nosotros por siempre.<\/p>\n<p>Sin duda es una p\u00e9rdida irreparable. Enviamos nuestras condolencias a sus familiares en este momento de profundo dolor.<\/p>\n","protected":false},"excerpt":{"rendered":"<p>El&nbsp; CDP C\u00f3rdoba quiere expresar su pesar por el fallecimiento del compa\u00f1ero Sotelo, miembro de la conducci\u00f3n nacional de ATE y delegado general de Parques Nacionales. Se trat\u00f3 de un compa\u00f1ero que siempre colabor\u00f3 con C\u00f3rdoba, no solo en lo que respecta a su sector sino a cualquier compa\u00f1ero que lo necesitase. Estuvo en C\u00f3rdoba [&hellip;]<\/p>\n","protected":false},"author":1,"featured_media":19220,"comment_status":"open","ping_status":"open","sticky":false,"template":"","format":"standard","meta":{"_exactmetrics_skip_tracking":false,"_exactmetrics_sitenote_active":false,"_exactmetrics_sitenote_note":"","_exactmetrics_sitenote_category":0,"jnews-multi-image_gallery":[],"jnews_single_post":[],"jnews_primary_category":[],"jnews_social_meta":[],"jnews_review":[],"enable_review":"","type":"","name":"","summary":"","brand":"","sku":"","good":[],"bad":[],"score_override":"","override_value":"","rating":[],"price":[],"jnews_override_counter":[],"jnews_post_split":[],"footnotes":""},"categories":[18,96],"tags":[],"class_list":["post-8513","post","type-post","status-publish","format-standard","has-post-thumbnail","hentry","category-nacionales","category-parques-nacionales-2"],"jetpack_featured_media_url":"https:\/\/atecordoba.org\/wp-content\/uploads\/2020\/05\/logo-nuevochico-e1561581322808.png","_links":{"self":[{"href":"https:\/\/atecordoba.org\/index.php?rest_route=\/wp\/v2\/posts\/8513","targetHints":{"allow":["GET"]}}],"collection":[{"href":"https:\/\/atecordoba.org\/index.php?rest_route=\/wp\/v2\/posts"}],"about":[{"href":"https:\/\/atecordoba.org\/index.php?rest_route=\/wp\/v2\/types\/post"}],"author":[{"embeddable":true,"href":"https:\/\/atecordoba.org\/index.php?rest_route=\/wp\/v2\/users\/1"}],"replies":[{"embeddable":true,"href":"https:\/\/atecordoba.org\/index.php?rest_route=%2Fwp%2Fv2%2Fcomments&post=8513"}],"version-history":[{"count":0,"href":"https:\/\/atecordoba.org\/index.php?rest_route=\/wp\/v2\/posts\/8513\/revisions"}],"wp:featuredmedia":[{"embeddable":true,"href":"https:\/\/atecordoba.org\/index.php?rest_route=\/wp\/v2\/media\/19220"}],"wp:attachment":[{"href":"https:\/\/atecordoba.org\/index.php?rest_route=%2Fwp%2Fv2%2Fmedia&parent=8513"}],"wp:term":[{"taxonomy":"category","embeddable":true,"href":"https:\/\/atecordoba.org\/index.php?rest_route=%2Fwp%2Fv2%2Fcategories&post=8513"},{"taxonomy":"post_tag","embeddable":true,"href":"https:\/\/atecordoba.org\/index.php?rest_route=%2Fwp%2Fv2%2Ftags&post=8513"}],"curies":[{"name":"wp","href":"https:\/\/api.w.org\/{rel}","templated":true}]}}