{"id":8503,"date":"2017-05-22T16:04:50","date_gmt":"2017-05-22T19:04:50","guid":{"rendered":"http:\/\/www.atecordoba.org\/?p=8503"},"modified":"2017-05-22T16:04:50","modified_gmt":"2017-05-22T19:04:50","slug":"se-realizo-un-encuentro-de-formacion-para-dirigentes-de-la-region-centro","status":"publish","type":"post","link":"https:\/\/atecordoba.org\/?p=8503","title":{"rendered":"Se realiz\u00f3 un Encuentro de Formaci\u00f3n para dirigentes de la regi\u00f3n centro"},"content":{"rendered":"<p><em>En Villa Carlos Paz se reunieron referentes de provincia y de seccionales, de C\u00f3rdoba, Santa Fe y Entre R\u00edos.<\/em><\/p>\n<p><img loading=\"lazy\" decoding=\"async\" class=\"aligncenter size-full wp-image-8504\" src=\"http:\/\/www.atecordoba.org\/wp-content\/uploads\/2017\/05\/general-2-e1495477470419.jpg\" alt=\"\" width=\"550\" height=\"309\"><\/p>\n<p>En la ciudad de Villa Carlos Paz se reunieron cerca de 80 dirigentes de los Consejos Directivos Provinciales y de distintas seccionales de ATE de las provincias de C\u00f3rdoba, Santa Fe y Entre R\u00edos. Fue en el marco de un encuentro de auto formaci\u00f3n sindical, en el que se analizaron distintos ejes desde la \u00f3ptica de los trabajadores.<\/p>\n<p><img loading=\"lazy\" decoding=\"async\" class=\"aligncenter size-full wp-image-8505\" src=\"http:\/\/www.atecordoba.org\/wp-content\/uploads\/2017\/05\/general-1-e1495477494787.jpg\" alt=\"\" width=\"550\" height=\"309\"><\/p>\n<p>La provincia anfitriona particip\u00f3 con dirigentes de las seccionales de R\u00edo Tercero, R\u00edo Cuarto y Villa Mar\u00eda, y con la&nbsp;secretaria General del Consejo Directivo Provincial, Mar\u00eda Liliana Salerno, que valor\u00f3 la realizaci\u00f3n del encuentro: \u201cdesarrollamos una excelente evaluaci\u00f3n de la situaci\u00f3n pol\u00edtica del pa\u00eds y tambi\u00e9n de nuestra central de trabajadores, estamos dando el debate de cu\u00e1l es el rumbo y a donde queremos llegar y por eso vamos a continuar debatiendo en el interior de la provincia para definir antes de noviembre cual es el camino que vamos a tomar con la CTA-A\u201d.<\/p>\n<p><img loading=\"lazy\" decoding=\"async\" class=\"aligncenter size-full wp-image-8509\" src=\"http:\/\/www.atecordoba.org\/wp-content\/uploads\/2017\/05\/salerno-e1495479075353.jpg\" alt=\"\" width=\"550\" height=\"309\"><\/p>\n<p>Por su parte Mar\u00eda Teresa Romero, secretaria de Formaci\u00f3n del Consejo Directivo Nacional de la Asociaci\u00f3n Trabajadores del Estado, destaco la importancia de desarrollar la herramienta gremial: \u201chemos comenzado la discusi\u00f3n sobre qu\u00e9 central queremos para esta nueva etapa, entendiendo que esta es una nueva etapa en el pa\u00eds, no una coyuntura, no un cambio de gobierno, sino una nueva etapa. Es una discusi\u00f3n que se inicia, y esperamos que se replique dentro de la provincia para el resto de los compa\u00f1eros, para as\u00ed poder llegar a otro encuentro discutiendo otros temas\u201d<\/p>\n<p><img loading=\"lazy\" decoding=\"async\" class=\"aligncenter size-full wp-image-8507\" src=\"http:\/\/www.atecordoba.org\/wp-content\/uploads\/2017\/05\/lozano-e1495477537664.jpg\" alt=\"\" width=\"550\" height=\"367\"><\/p>\n<p>Los debates realizados entre el jueves y viernes rondaron en torno a la situaci\u00f3n del Estado (con la participaci\u00f3n de Horacio Fern\u00e1ndez del Instituto de Estudios sobre Estado y Participaci\u00f3n-IDEP); sobre Econom\u00eda, actualidad y proyecci\u00f3n (con la coordinaci\u00f3n del ex diputado Claudio Lozano); y sobre el presente pol\u00edtico del pa\u00eds, con el Secretario General de ATE, Hugo Cachorro Godoy. Durante la doble jornada se discuti\u00f3 adem\u00e1s sobre el rol de la CTA-Aut\u00f3noma. &nbsp;<\/p>\n<p><img loading=\"lazy\" decoding=\"async\" class=\"aligncenter size-full wp-image-8508\" src=\"http:\/\/www.atecordoba.org\/wp-content\/uploads\/2017\/05\/fernandez-e1495477615693.jpg\" alt=\"\" width=\"550\" height=\"378\"><\/p>\n<p>A su turno Ra\u00fal Daz, titular de ATE-Rosario, analiz\u00f3 la importancia de fortalecer la unidad de los trabajadores a nivel regional explicando que \u201ccuando los desaf\u00edos son tan potentes las luchas tienen que ser acordes a esos desaf\u00edos, y uno de los principales objetivos es conseguir la unidad de la clase trabajadora para la transformaci\u00f3n que necesita nuestro pa\u00eds, pensar en lo inmediato trabajos conjuntos a nivel regional. Hay que estar orgullosos de nuestra ATE &nbsp;que transforma todos los d\u00edas y busca en nosotros un lugar de construcci\u00f3n pol\u00edtica. El problema de la clase trabajadora es el mismo vivamos donde vivamos y nuestro desaf\u00edo es terminar con la desigualdad y lograr la <em style=\"font-style: inherit; font-weight: inherit;\">noble igualdad<\/em> como dice nuestro himno nacional\u201d.<\/p>\n<p><img loading=\"lazy\" decoding=\"async\" class=\"aligncenter size-full wp-image-8509\" src=\"http:\/\/www.atecordoba.org\/wp-content\/uploads\/2017\/05\/salerno-e1495479075353.jpg\" alt=\"\" width=\"550\" height=\"309\"><\/p>\n<p>Por su parte, Oscar Muntes de ATE-Entre R\u00edos, se\u00f1al\u00f3 que los trabajadores deben construir su propio destino, porque \u201cno estamos incluidos en la agenda de los gobernadores, entonces nosotros tenemos la necesidad de buscar caminos en com\u00fan, no a partir de los dirigentes sino de los mimos trabajadores, de la militancia y de las asambleas\u201d. El Secretario General del CDP adem\u00e1s se refiri\u00f3 a la necesidad de reconstruir a la CTA-A: \u201cnecesita un rumbo definitivo, estamos acostumbrados a los inconvenientes pero hay que tener la capacidad suficiente para superarlo, la burocracia sindical sabe cu\u00e1l es el camino y qu\u00e9 es lo que quieren, nosotros tenemos que buscar las estrategias para conseguir los objetivos que tenemos\u201d.<\/p>\n<p><img loading=\"lazy\" decoding=\"async\" class=\"aligncenter size-full wp-image-8510\" src=\"http:\/\/www.atecordoba.org\/wp-content\/uploads\/2017\/05\/chicas-e1495479547399.jpg\" alt=\"\" width=\"550\" height=\"309\"><\/p>\n<p>Por \u00faltimo, Godoy realiz\u00f3 una caracterizaci\u00f3n pol\u00edtica de la etapa: \u201canalizamos como ir realizando acciones que nos permitan articular con distintos sectores del movimiento popular, para dar este debate en defensa de los intereses de los trabajadores, de los peque\u00f1os y medianos productores del campo y la ciudad, debatir el rol del Estado y como lograr que ese Estado est\u00e9 al servicio de las mayor\u00edas populares y no de las minor\u00edas del privilegio\u201d. Adem\u00e1s, el titular del CDN destac\u00f3 la necesidad de dinamizar la construcci\u00f3n gremial: \u201cdebemos reinventar ATE y nuestra CTA y para ellos debemos revisar nuestras pr\u00e1cticas, nuestras teor\u00edas y nuestras estrategias, e inclusive nuestras visiones personales, porque los cambios culturales son los m\u00e1s perdurables y queremos que se abra el gremio a las nuevas generaciones, en una perspectiva de liberaci\u00f3n para nuestra naci\u00f3n y para la Patria Grande Latinoamericana\u201d&nbsp;<\/p>\n<p><img loading=\"lazy\" decoding=\"async\" class=\"aligncenter size-full wp-image-8511\" src=\"http:\/\/www.atecordoba.org\/wp-content\/uploads\/2017\/05\/taller-e1495479840196.jpg\" alt=\"\" width=\"550\" height=\"309\"><\/p>\n","protected":false},"excerpt":{"rendered":"<p>En Villa Carlos Paz se reunieron referentes de provincia y de seccionales, de C\u00f3rdoba, Santa Fe y Entre R\u00edos. En la ciudad de Villa Carlos Paz se reunieron cerca de 80 dirigentes de los Consejos Directivos Provinciales y de distintas seccionales de ATE de las provincias de C\u00f3rdoba, Santa Fe y Entre R\u00edos. Fue en [&hellip;]<\/p>\n","protected":false},"author":1,"featured_media":19220,"comment_status":"open","ping_status":"open","sticky":false,"template":"","format":"standard","meta":{"_exactmetrics_skip_tracking":false,"_exactmetrics_sitenote_active":false,"_exactmetrics_sitenote_note":"","_exactmetrics_sitenote_category":0,"jnews-multi-image_gallery":[],"jnews_single_post":[],"jnews_primary_category":[],"jnews_social_meta":[],"jnews_review":[],"enable_review":"","type":"","name":"","summary":"","brand":"","sku":"","good":[],"bad":[],"score_override":"","override_value":"","rating":[],"price":[],"jnews_override_counter":[],"jnews_post_split":[],"footnotes":""},"categories":[88,18],"tags":[],"class_list":["post-8503","post","type-post","status-publish","format-standard","has-post-thumbnail","hentry","category-formacion","category-nacionales"],"jetpack_featured_media_url":"https:\/\/atecordoba.org\/wp-content\/uploads\/2020\/05\/logo-nuevochico-e1561581322808.png","_links":{"self":[{"href":"https:\/\/atecordoba.org\/index.php?rest_route=\/wp\/v2\/posts\/8503","targetHints":{"allow":["GET"]}}],"collection":[{"href":"https:\/\/atecordoba.org\/index.php?rest_route=\/wp\/v2\/posts"}],"about":[{"href":"https:\/\/atecordoba.org\/index.php?rest_route=\/wp\/v2\/types\/post"}],"author":[{"embeddable":true,"href":"https:\/\/atecordoba.org\/index.php?rest_route=\/wp\/v2\/users\/1"}],"replies":[{"embeddable":true,"href":"https:\/\/atecordoba.org\/index.php?rest_route=%2Fwp%2Fv2%2Fcomments&post=8503"}],"version-history":[{"count":0,"href":"https:\/\/atecordoba.org\/index.php?rest_route=\/wp\/v2\/posts\/8503\/revisions"}],"wp:featuredmedia":[{"embeddable":true,"href":"https:\/\/atecordoba.org\/index.php?rest_route=\/wp\/v2\/media\/19220"}],"wp:attachment":[{"href":"https:\/\/atecordoba.org\/index.php?rest_route=%2Fwp%2Fv2%2Fmedia&parent=8503"}],"wp:term":[{"taxonomy":"category","embeddable":true,"href":"https:\/\/atecordoba.org\/index.php?rest_route=%2Fwp%2Fv2%2Fcategories&post=8503"},{"taxonomy":"post_tag","embeddable":true,"href":"https:\/\/atecordoba.org\/index.php?rest_route=%2Fwp%2Fv2%2Ftags&post=8503"}],"curies":[{"name":"wp","href":"https:\/\/api.w.org\/{rel}","templated":true}]}}