{"id":8500,"date":"2017-05-19T12:20:03","date_gmt":"2017-05-19T15:20:03","guid":{"rendered":"http:\/\/www.atecordoba.org\/?p=8500"},"modified":"2017-05-19T12:20:03","modified_gmt":"2017-05-19T15:20:03","slug":"rio-tercero-instalara-el-lunes-una-carpa-en-defensa-del-estado","status":"publish","type":"post","link":"https:\/\/atecordoba.org\/?p=8500","title":{"rendered":"R\u00edo Tercero instalar\u00e1 el lunes una carpa en defensa del Estado"},"content":{"rendered":"<p><em>En el marco de un nuevo aniversario de la F\u00e1brica Militar Rio Tercero la Asociaci\u00f3n Trabajadores del Estado convoca a todas las instituciones, organizaciones sociales, centro de estudiantes, organizaciones pol\u00edticas, medios de prensa y p\u00fablico en general a la carpa tem\u00e1tica en conmemoraci\u00f3n del aniversario n\u00ba 81.<\/em><\/p>\n<p><img loading=\"lazy\" decoding=\"async\" class=\"aligncenter size-full wp-image-8501\" src=\"http:\/\/www.atecordoba.org\/wp-content\/uploads\/2017\/05\/WhatsApp-Image-2017-05-18-at-08.12.42-e1495207151746.jpeg\" alt=\"\" width=\"550\" height=\"392\"><\/p>\n<p>Esta actividad se desarrollara el&nbsp; lunes 22 de mayo a partir de 9hs en la Plaza San Martin,<\/p>\n<p>Tiene como principal objetivo rememorar, la historia desde su creaci\u00f3n&nbsp; el 21 de mayo de 1936 hasta la actualidad, el importante aporte en el desarrollo industrial de la regi\u00f3n y el pa\u00eds en t\u00e9rminos econ\u00f3micos, de infraestructura y de creaci\u00f3n de empleo.<\/p>\n<p>En este contexto, entendemos que reestructurar el Estado no es privatizar, sino poner en funcionamiento una maquinaria extraordinaria que existe a nivel de recursos humanos, de fomento econom\u00eda, de posibilidades t\u00e9cnicas y de desarrollo.<\/p>\n<p>La historia nos demostr\u00f3 que transfiriendo los activos del Estado no se garantiza el bien com\u00fan.<\/p>\n<p>Por ultimo para finalizar esta jornada a la 17:00hs realizaremos una Asamblea General Abierta.<\/p>\n","protected":false},"excerpt":{"rendered":"<p>En el marco de un nuevo aniversario de la F\u00e1brica Militar Rio Tercero la Asociaci\u00f3n Trabajadores del Estado convoca a todas las instituciones, organizaciones sociales, centro de estudiantes, organizaciones pol\u00edticas, medios de prensa y p\u00fablico en general a la carpa tem\u00e1tica en conmemoraci\u00f3n del aniversario n\u00ba 81. Esta actividad se desarrollara el&nbsp; lunes 22 de [&hellip;]<\/p>\n","protected":false},"author":1,"featured_media":19220,"comment_status":"open","ping_status":"open","sticky":false,"template":"","format":"standard","meta":{"_exactmetrics_skip_tracking":false,"_exactmetrics_sitenote_active":false,"_exactmetrics_sitenote_note":"","_exactmetrics_sitenote_category":0,"jnews-multi-image_gallery":[],"jnews_single_post":[],"jnews_primary_category":[],"jnews_social_meta":[],"jnews_review":[],"enable_review":"","type":"","name":"","summary":"","brand":"","sku":"","good":[],"bad":[],"score_override":"","override_value":"","rating":[],"price":[],"jnews_override_counter":[],"jnews_post_split":[],"footnotes":""},"categories":[10,13],"tags":[],"class_list":["post-8500","post","type-post","status-publish","format-standard","has-post-thumbnail","hentry","category-accion-politica","category-rio-tercero"],"jetpack_featured_media_url":"https:\/\/atecordoba.org\/wp-content\/uploads\/2020\/05\/logo-nuevochico-e1561581322808.png","_links":{"self":[{"href":"https:\/\/atecordoba.org\/index.php?rest_route=\/wp\/v2\/posts\/8500","targetHints":{"allow":["GET"]}}],"collection":[{"href":"https:\/\/atecordoba.org\/index.php?rest_route=\/wp\/v2\/posts"}],"about":[{"href":"https:\/\/atecordoba.org\/index.php?rest_route=\/wp\/v2\/types\/post"}],"author":[{"embeddable":true,"href":"https:\/\/atecordoba.org\/index.php?rest_route=\/wp\/v2\/users\/1"}],"replies":[{"embeddable":true,"href":"https:\/\/atecordoba.org\/index.php?rest_route=%2Fwp%2Fv2%2Fcomments&post=8500"}],"version-history":[{"count":0,"href":"https:\/\/atecordoba.org\/index.php?rest_route=\/wp\/v2\/posts\/8500\/revisions"}],"wp:featuredmedia":[{"embeddable":true,"href":"https:\/\/atecordoba.org\/index.php?rest_route=\/wp\/v2\/media\/19220"}],"wp:attachment":[{"href":"https:\/\/atecordoba.org\/index.php?rest_route=%2Fwp%2Fv2%2Fmedia&parent=8500"}],"wp:term":[{"taxonomy":"category","embeddable":true,"href":"https:\/\/atecordoba.org\/index.php?rest_route=%2Fwp%2Fv2%2Fcategories&post=8500"},{"taxonomy":"post_tag","embeddable":true,"href":"https:\/\/atecordoba.org\/index.php?rest_route=%2Fwp%2Fv2%2Ftags&post=8500"}],"curies":[{"name":"wp","href":"https:\/\/api.w.org\/{rel}","templated":true}]}}