{"id":8493,"date":"2017-05-17T17:12:53","date_gmt":"2017-05-17T20:12:53","guid":{"rendered":"http:\/\/www.atecordoba.org\/?p=8493"},"modified":"2017-05-17T17:12:53","modified_gmt":"2017-05-17T20:12:53","slug":"cordoba-sera-sede-del-encuentro-de-formacion-de-dirigentes-de-ate-de-la-region-centro","status":"publish","type":"post","link":"https:\/\/atecordoba.org\/?p=8493","title":{"rendered":"C\u00f3rdoba ser\u00e1 sede del Encuentro de Formaci\u00f3n de dirigentes de ATE de la Regi\u00f3n Centro"},"content":{"rendered":"<p><em>Ma\u00f1ana y el viernes se realizar\u00e1 el foro de capacitaci\u00f3n en Villa Carlos Paz, con la participaci\u00f3n de 80 dirigentes de Entre R\u00edos, Santa Fe y C\u00f3rdoba.<\/em><\/p>\n<figure id=\"attachment_8495\" aria-describedby=\"caption-attachment-8495\" style=\"width: 550px\" class=\"wp-caption aligncenter\"><img loading=\"lazy\" decoding=\"async\" class=\"wp-image-8495 size-full\" src=\"http:\/\/www.atecordoba.org\/wp-content\/uploads\/2017\/05\/ser-dirigente-e1495051254520.jpg\" alt=\"\" width=\"550\" height=\"539\"><figcaption id=\"caption-attachment-8495\" class=\"wp-caption-text\">Caratula de uno de los cuadernillos de formaci\u00f3n.<\/figcaption><\/figure>\n<p>En la oportunidad fueron invitados compa\u00f1eros de los consejos directivos de las tres provincias y las seccionales de cada CDP. Por C\u00f3rdoba, la delegaci\u00f3n de dirigentes estar\u00e1 encabezada por la secretaria General, Mar\u00eda Liliana Salerno.<\/p>\n<p>Para abordar la realidad actual de la regi\u00f3n, el impacto de la gesti\u00f3n macrista en el Estado y la situaci\u00f3n de la CTA-A, participar\u00e1n como expositores los cros Claudio Lozano, titular del IPYPP (Instituto de Participaci\u00f3n y Pol\u00edticas P\u00fablicas), analizando la coyuntura y futuro econ\u00f3mico, y Horacio Fern\u00e1ndez, director del IdEP (Instituto de Estudios sobre el Estado), que hablara sobre las pol\u00edticas del gobierno nacional sobre el Estado.&nbsp;&nbsp;&nbsp;&nbsp;&nbsp;&nbsp;&nbsp;&nbsp;&nbsp;&nbsp;&nbsp;&nbsp;&nbsp;&nbsp;&nbsp;&nbsp;&nbsp;&nbsp;&nbsp;&nbsp;&nbsp;&nbsp;&nbsp;<\/p>\n<p>Acompa\u00f1ara las jornadas que se desarrollaran en C\u00f3rdoba, el secretario general del CDN, Hugo Godoy, y la secretaria de Formaci\u00f3n, Mar\u00eda Teresa Romero.<\/p>\n","protected":false},"excerpt":{"rendered":"<p>Ma\u00f1ana y el viernes se realizar\u00e1 el foro de capacitaci\u00f3n en Villa Carlos Paz, con la participaci\u00f3n de 80 dirigentes de Entre R\u00edos, Santa Fe y C\u00f3rdoba. En la oportunidad fueron invitados compa\u00f1eros de los consejos directivos de las tres provincias y las seccionales de cada CDP. Por C\u00f3rdoba, la delegaci\u00f3n de dirigentes estar\u00e1 encabezada [&hellip;]<\/p>\n","protected":false},"author":1,"featured_media":19220,"comment_status":"open","ping_status":"open","sticky":false,"template":"","format":"standard","meta":{"_exactmetrics_skip_tracking":false,"_exactmetrics_sitenote_active":false,"_exactmetrics_sitenote_note":"","_exactmetrics_sitenote_category":0,"jnews-multi-image_gallery":[],"jnews_single_post":[],"jnews_primary_category":[],"jnews_social_meta":[],"jnews_review":[],"enable_review":"","type":"","name":"","summary":"","brand":"","sku":"","good":[],"bad":[],"score_override":"","override_value":"","rating":[],"price":[],"jnews_override_counter":[],"jnews_post_split":[],"footnotes":""},"categories":[88],"tags":[],"class_list":["post-8493","post","type-post","status-publish","format-standard","has-post-thumbnail","hentry","category-formacion"],"jetpack_featured_media_url":"https:\/\/atecordoba.org\/wp-content\/uploads\/2020\/05\/logo-nuevochico-e1561581322808.png","_links":{"self":[{"href":"https:\/\/atecordoba.org\/index.php?rest_route=\/wp\/v2\/posts\/8493","targetHints":{"allow":["GET"]}}],"collection":[{"href":"https:\/\/atecordoba.org\/index.php?rest_route=\/wp\/v2\/posts"}],"about":[{"href":"https:\/\/atecordoba.org\/index.php?rest_route=\/wp\/v2\/types\/post"}],"author":[{"embeddable":true,"href":"https:\/\/atecordoba.org\/index.php?rest_route=\/wp\/v2\/users\/1"}],"replies":[{"embeddable":true,"href":"https:\/\/atecordoba.org\/index.php?rest_route=%2Fwp%2Fv2%2Fcomments&post=8493"}],"version-history":[{"count":0,"href":"https:\/\/atecordoba.org\/index.php?rest_route=\/wp\/v2\/posts\/8493\/revisions"}],"wp:featuredmedia":[{"embeddable":true,"href":"https:\/\/atecordoba.org\/index.php?rest_route=\/wp\/v2\/media\/19220"}],"wp:attachment":[{"href":"https:\/\/atecordoba.org\/index.php?rest_route=%2Fwp%2Fv2%2Fmedia&parent=8493"}],"wp:term":[{"taxonomy":"category","embeddable":true,"href":"https:\/\/atecordoba.org\/index.php?rest_route=%2Fwp%2Fv2%2Fcategories&post=8493"},{"taxonomy":"post_tag","embeddable":true,"href":"https:\/\/atecordoba.org\/index.php?rest_route=%2Fwp%2Fv2%2Ftags&post=8493"}],"curies":[{"name":"wp","href":"https:\/\/api.w.org\/{rel}","templated":true}]}}