{"id":8483,"date":"2017-05-17T15:11:41","date_gmt":"2017-05-17T18:11:41","guid":{"rendered":"http:\/\/www.atecordoba.org\/?p=8483"},"modified":"2017-05-17T15:11:41","modified_gmt":"2017-05-17T18:11:41","slug":"paritarias-ate-repudia-la-falta-de-convocatoria-al-dialogo","status":"publish","type":"post","link":"https:\/\/atecordoba.org\/?p=8483","title":{"rendered":"Paritarias: ATE repudia la falta de convocatoria al di\u00e1logo del gobierno nacional"},"content":{"rendered":"<p class=\"titulo\"><em>Ante la falta de convocatoria del Gobierno, ATE exige recuperar el 13% perdido en 2016 y que se reconozca una inflaci\u00f3n del 25% para este a\u00f1o.<\/em><\/p>\n<p><img loading=\"lazy\" decoding=\"async\" class=\"aligncenter size-full wp-image-8484\" src=\"http:\/\/www.atecordoba.org\/wp-content\/uploads\/2017\/05\/godoy-tribuna-e1495044605782.jpg\" alt=\"\" width=\"550\" height=\"366\"><\/p>\n<p>Frente a la actitud del gobierno de Macri de no convocar paritarias o de querer hacerlo arreglando con su tradicional gremio amigo, desde ATE estamos planteando la necesidad de ir a una medida de fuerza\u201d, se\u00f1al\u00f3 Hugo \u201cCachorro\u201d Godoy, Secretario General de ATE nacional.<\/p>\n<p>Seg\u00fan diferentes medios, el Gobierno se reuni\u00f3 con UPCN para acordar una recomposici\u00f3n salarial, a percibir entre junio y agosto, con la inclusi\u00f3n de un adicional por Presentismo y Productividad. Desde hace semanas ATE realiza una campa\u00f1a nacional contra la bonificaci\u00f3n por presentismo y productividad.<\/p>\n<p>\u201cTodo lo que sea presentismo y productividad son mecanismos de arbitrariedad del patr\u00f3n para aumentar la explotaci\u00f3n laboral y reducir la capacidad de derechos que tiene el trabajador. Por ello hay que encontrar otros mecanismo de incentivo y promoci\u00f3n laboral y que se deber\u00e1n discutir en el marco de la paritaria&#8221;, explic\u00f3 Godoy.<\/p>\n<p>En ese marco, sostuvo que \u201cnuestra expectativa es que el pr\u00f3ximo 24 de mayo realicemos una jornada nacional de lucha porque lamentablemente no nos equivocamos cuando el gobierno aprob\u00f3 un presupuesto de entre el 12% y un 17%. Dijimos que eso era mentira y que la inflaci\u00f3n de este a\u00f1o no iba a ser menor de un 25%. Esto se corrobor\u00f3 en los primeros cuatro meses ya que la inflaci\u00f3n es superior al 9%\u201d.<\/p>\n<p>\u201cEl gobierno tiene que entender que no puede transferir las p\u00e9rdidas de los trabajadores y utilizar el Estado para maximizar las ganancias de los grandes grupos econ\u00f3micos. En esta situaci\u00f3n de crisis hay que repartir lo que se tiene para que los trabajadores, que somos los que menos tenemos, no sigamos perdiendo\u201d, puntualiz\u00f3 Godoy.<\/p>\n<p>\u201cEstamos reclamando recuperar el 13% que perdimos el a\u00f1o pasado y que en este a\u00f1o se reconozca que la inflaci\u00f3n va a ser del 25%\u201d, cerr\u00f3 el dirigente de ATE.<\/p>\n","protected":false},"excerpt":{"rendered":"<p>Ante la falta de convocatoria del Gobierno, ATE exige recuperar el 13% perdido en 2016 y que se reconozca una inflaci\u00f3n del 25% para este a\u00f1o. Frente a la actitud del gobierno de Macri de no convocar paritarias o de querer hacerlo arreglando con su tradicional gremio amigo, desde ATE estamos planteando la necesidad de [&hellip;]<\/p>\n","protected":false},"author":1,"featured_media":19220,"comment_status":"open","ping_status":"open","sticky":false,"template":"","format":"standard","meta":{"_exactmetrics_skip_tracking":false,"_exactmetrics_sitenote_active":false,"_exactmetrics_sitenote_note":"","_exactmetrics_sitenote_category":0,"jnews-multi-image_gallery":[],"jnews_single_post":[],"jnews_primary_category":[],"jnews_social_meta":[],"jnews_review":[],"enable_review":"","type":"","name":"","summary":"","brand":"","sku":"","good":[],"bad":[],"score_override":"","override_value":"","rating":[],"price":[],"jnews_override_counter":[],"jnews_post_split":[],"footnotes":""},"categories":[18],"tags":[],"class_list":["post-8483","post","type-post","status-publish","format-standard","has-post-thumbnail","hentry","category-nacionales"],"jetpack_featured_media_url":"https:\/\/atecordoba.org\/wp-content\/uploads\/2020\/05\/logo-nuevochico-e1561581322808.png","_links":{"self":[{"href":"https:\/\/atecordoba.org\/index.php?rest_route=\/wp\/v2\/posts\/8483","targetHints":{"allow":["GET"]}}],"collection":[{"href":"https:\/\/atecordoba.org\/index.php?rest_route=\/wp\/v2\/posts"}],"about":[{"href":"https:\/\/atecordoba.org\/index.php?rest_route=\/wp\/v2\/types\/post"}],"author":[{"embeddable":true,"href":"https:\/\/atecordoba.org\/index.php?rest_route=\/wp\/v2\/users\/1"}],"replies":[{"embeddable":true,"href":"https:\/\/atecordoba.org\/index.php?rest_route=%2Fwp%2Fv2%2Fcomments&post=8483"}],"version-history":[{"count":0,"href":"https:\/\/atecordoba.org\/index.php?rest_route=\/wp\/v2\/posts\/8483\/revisions"}],"wp:featuredmedia":[{"embeddable":true,"href":"https:\/\/atecordoba.org\/index.php?rest_route=\/wp\/v2\/media\/19220"}],"wp:attachment":[{"href":"https:\/\/atecordoba.org\/index.php?rest_route=%2Fwp%2Fv2%2Fmedia&parent=8483"}],"wp:term":[{"taxonomy":"category","embeddable":true,"href":"https:\/\/atecordoba.org\/index.php?rest_route=%2Fwp%2Fv2%2Fcategories&post=8483"},{"taxonomy":"post_tag","embeddable":true,"href":"https:\/\/atecordoba.org\/index.php?rest_route=%2Fwp%2Fv2%2Ftags&post=8483"}],"curies":[{"name":"wp","href":"https:\/\/api.w.org\/{rel}","templated":true}]}}