{"id":8479,"date":"2017-05-17T12:03:45","date_gmt":"2017-05-17T15:03:45","guid":{"rendered":"http:\/\/www.atecordoba.org\/?p=8479"},"modified":"2017-05-17T12:03:45","modified_gmt":"2017-05-17T15:03:45","slug":"ate-rechaza-el-acuerdo-entre-upcn-y-el-gobierno-nacional","status":"publish","type":"post","link":"https:\/\/atecordoba.org\/?p=8479","title":{"rendered":"ATE rechaza el acuerdo entre UPCN y el Gobierno Nacional"},"content":{"rendered":"<p><em>El Ministerio de Trabajo difundi\u00f3 por los medios un aumento del 20% a pagar en 3 cuotas.<\/em><\/p>\n<div class=\"epyt-video-wrapper\"><iframe loading=\"lazy\"  style=\"display: block; margin: 0px auto;\"  id=\"_ytid_82700\"  width=\"480\" height=\"270\"  data-origwidth=\"480\" data-origheight=\"270\" src=\"https:\/\/www.youtube.com\/embed\/U_Gc2FgGg20?enablejsapi=1&#038;autoplay=0&#038;cc_load_policy=0&#038;cc_lang_pref=&#038;iv_load_policy=3&#038;loop=0&#038;rel=0&#038;fs=1&#038;playsinline=0&#038;autohide=2&#038;theme=dark&#038;color=red&#038;controls=1&#038;disablekb=0&#038;\" class=\"__youtube_prefs__  epyt-is-override  no-lazyload\" title=\"YouTube player\"  allow=\"fullscreen; accelerometer; autoplay; clipboard-write; encrypted-media; gyroscope; picture-in-picture; web-share\" referrerpolicy=\"strict-origin-when-cross-origin\" allowfullscreen data-no-lazy=\"1\" data-skipgform_ajax_framebjll=\"\"><\/iframe><\/div>\n<p><span class=\"\">el aumento ser\u00eda del 20% a pagar un 5% a partir del 1\u00ba de junio; otro 5% en julio y finalmente el 10% en agosto. Adem\u00e1s, acordaron premios por presentismo y productividad.<\/span><\/p>\n<p class=\"texto\"><span class=\"\">Ante este escenario, ATE rechaza de manera contundente el acuerdo y espera la convocatoria formal por parte del Ministerio de Trabajo.<\/span><\/p>\n<p class=\"texto\"><span class=\"\">Desde principio de a\u00f1o, ATE viene exigiendo una paritaria sin techo y reclama un aumento del 25% para este a\u00f1o m\u00e1s el 13% que se perdi\u00f3 durante el a\u00f1o 2016. Adem\u00e1s, se opone a las bonificaciones por presentismo y productividad<\/span><\/p>\n","protected":false},"excerpt":{"rendered":"<p>El Ministerio de Trabajo difundi\u00f3 por los medios un aumento del 20% a pagar en 3 cuotas. el aumento ser\u00eda del 20% a pagar un 5% a partir del 1\u00ba de junio; otro 5% en julio y finalmente el 10% en agosto. Adem\u00e1s, acordaron premios por presentismo y productividad. Ante este escenario, ATE rechaza de [&hellip;]<\/p>\n","protected":false},"author":1,"featured_media":19220,"comment_status":"open","ping_status":"open","sticky":false,"template":"","format":"standard","meta":{"_exactmetrics_skip_tracking":false,"_exactmetrics_sitenote_active":false,"_exactmetrics_sitenote_note":"","_exactmetrics_sitenote_category":0,"jnews-multi-image_gallery":[],"jnews_single_post":[],"jnews_primary_category":[],"jnews_social_meta":[],"jnews_review":[],"enable_review":"","type":"","name":"","summary":"","brand":"","sku":"","good":[],"bad":[],"score_override":"","override_value":"","rating":[],"price":[],"jnews_override_counter":[],"jnews_post_split":[],"footnotes":""},"categories":[18],"tags":[],"class_list":["post-8479","post","type-post","status-publish","format-standard","has-post-thumbnail","hentry","category-nacionales"],"jetpack_featured_media_url":"https:\/\/atecordoba.org\/wp-content\/uploads\/2020\/05\/logo-nuevochico-e1561581322808.png","_links":{"self":[{"href":"https:\/\/atecordoba.org\/index.php?rest_route=\/wp\/v2\/posts\/8479","targetHints":{"allow":["GET"]}}],"collection":[{"href":"https:\/\/atecordoba.org\/index.php?rest_route=\/wp\/v2\/posts"}],"about":[{"href":"https:\/\/atecordoba.org\/index.php?rest_route=\/wp\/v2\/types\/post"}],"author":[{"embeddable":true,"href":"https:\/\/atecordoba.org\/index.php?rest_route=\/wp\/v2\/users\/1"}],"replies":[{"embeddable":true,"href":"https:\/\/atecordoba.org\/index.php?rest_route=%2Fwp%2Fv2%2Fcomments&post=8479"}],"version-history":[{"count":0,"href":"https:\/\/atecordoba.org\/index.php?rest_route=\/wp\/v2\/posts\/8479\/revisions"}],"wp:featuredmedia":[{"embeddable":true,"href":"https:\/\/atecordoba.org\/index.php?rest_route=\/wp\/v2\/media\/19220"}],"wp:attachment":[{"href":"https:\/\/atecordoba.org\/index.php?rest_route=%2Fwp%2Fv2%2Fmedia&parent=8479"}],"wp:term":[{"taxonomy":"category","embeddable":true,"href":"https:\/\/atecordoba.org\/index.php?rest_route=%2Fwp%2Fv2%2Fcategories&post=8479"},{"taxonomy":"post_tag","embeddable":true,"href":"https:\/\/atecordoba.org\/index.php?rest_route=%2Fwp%2Fv2%2Ftags&post=8479"}],"curies":[{"name":"wp","href":"https:\/\/api.w.org\/{rel}","templated":true}]}}