{"id":846,"date":"2011-08-04T20:35:26","date_gmt":"2011-08-04T23:35:26","guid":{"rendered":"http:\/\/www.atecordoba.org\/?p=846"},"modified":"2011-08-04T20:35:26","modified_gmt":"2011-08-04T23:35:26","slug":"alta-participacion-confirmo-la-victoria-de-la-lista-verde-anusate","status":"publish","type":"post","link":"https:\/\/atecordoba.org\/?p=846","title":{"rendered":"Alta participaci\u00f3n confirm\u00f3 la victoria de la lista verde-ANUSATE"},"content":{"rendered":"<p style=\"text-align: center;\"><a href=\"http:\/\/www.atecordoba.org\/wp-content\/uploads\/2012\/07\/arton156.jpg\"><img loading=\"lazy\" decoding=\"async\" class=\"aligncenter  wp-image-841\" title=\"arton156\" src=\"http:\/\/www.atecordoba.org\/wp-content\/uploads\/2012\/07\/arton156-1024x768.jpg\" alt=\"\" width=\"502\" height=\"377\" \/><\/a><\/p>\n<div>\n<div dir=\"ltr\">\n<p><strong>(C\u00f3rdoba, 4-8-2011) Alrededor del 50% del padr\u00f3n confirm\u00f3 a Mar\u00eda Teresa Romero como secretaria General del CDP. La verde logr\u00f3 altos procentajes de participaci\u00f3n en R\u00edo Cuarto y R\u00edo Tercero. Tambi\u00e9n triunf\u00f3 la opci\u00f3n nacional, con Julio Fuentes y Hugo Cachorro Godoy.<\/strong><\/p>\n<\/div>\n<\/div>\n<div>\n<div dir=\"ltr\">\n<p>\u201cEstamos felices por haber recibido el apoyo de tantos compa\u00f1eros una vez m\u00e1s para seguir conduciendo ATE por cuatro a\u00f1os m\u00e1s\u201d, dijo Mar\u00eda Teresa Romero, confirmada secretaria General del Consejo Directivo Provincial C\u00f3rdoba por un segundo per\u00edodo.<\/p>\n<p>As\u00ed arrancaron los festejos en la sede de ATE tras conocerse los primeros resultados de la elecci\u00f3n de hoy en C\u00f3rdoba, donde fue confirmada la lista verde -tanto a nivel provincial como nacional- para representar a los trabajadores estatales.<\/p>\n<p>Los guarismos preliminares marcaron que alrededor del 50% del padr\u00f3n, constituido por 6453 afiliados activos y jubilados, concurri\u00f3 a ejercer su derecho a elegir y ser elegido. Es destacable el resultado, ya que en C\u00f3rdoba fue s\u00f3lo la lista Verde-ANUSATE quien se present\u00f3 para competir por la conducci\u00f3n del CDP.<\/p>\n<p>\u201cEl resultado y la alta participaci\u00f3n de los compa\u00f1eros en la elecci\u00f3n, nos marca que estamos por el buen camino, ratificando la vocaci\u00f3n democr\u00e1tica de nuestro gremio\u201d, afirm\u00f3 Romero.<\/p>\n<p>En la sede de ATE se respir\u00f3 desde las primeras horas del d\u00eda un clima de tranquilidad, confirmado al final de la jornada, por la ausencia de impugnaciones en ninguna de la 56 urnas que se desplegaron en la provincia, incluidas las mesas de los centros de jubilados.<\/p>\n<p>De esta forma, se confirma que Mar\u00eda Teresa Romero, junto a Oscar Mengarelli como secretario Adjunto, continuar\u00e1n conduciendo ATE en la provincia. A su vez se consagraron Walter Secondino, como secretario General de la seccional Villa Mar\u00eda, Federico Giuliani, en R\u00edo Cuarto, y Cristian Colman, de gran elecci\u00f3n por la cantidad de votantes en R\u00edo Tercero.<\/p>\n<p>Tambi\u00e9n se vot\u00f3 en San Francisco, Jes\u00fas Mar\u00eda, Chu\u00f1a, La Falda, Quilino, Cosqu\u00edn, San Marcos Sierra, en el Parque Nacional Quebrada del Condorito, De\u00e1n Funes, Santa Mar\u00eda de Punilla, Ascochinga, entre otras localidades.<\/p>\n<\/div>\n<\/div>\n","protected":false},"excerpt":{"rendered":"<p>(C\u00f3rdoba, 4-8-2011) Alrededor del 50% del padr\u00f3n confirm\u00f3 a Mar\u00eda Teresa Romero como secretaria General del CDP. La verde logr\u00f3 altos procentajes de participaci\u00f3n en R\u00edo Cuarto y R\u00edo Tercero. Tambi\u00e9n triunf\u00f3 la opci\u00f3n nacional, con Julio Fuentes y Hugo Cachorro Godoy. \u201cEstamos felices por haber recibido el apoyo de tantos compa\u00f1eros una vez m\u00e1s [&hellip;]<\/p>\n","protected":false},"author":1,"featured_media":19220,"comment_status":"open","ping_status":"open","sticky":false,"template":"","format":"standard","meta":{"_exactmetrics_skip_tracking":false,"_exactmetrics_sitenote_active":false,"_exactmetrics_sitenote_note":"","_exactmetrics_sitenote_category":0,"jnews-multi-image_gallery":[],"jnews_single_post":[],"jnews_primary_category":[],"jnews_social_meta":[],"jnews_review":[],"enable_review":"","type":"","name":"","summary":"","brand":"","sku":"","good":[],"bad":[],"score_override":"","override_value":"","rating":[],"price":[],"jnews_override_counter":[],"jnews_post_split":[],"footnotes":""},"categories":[1],"tags":[47,11],"class_list":["post-846","post","type-post","status-publish","format-standard","has-post-thumbnail","hentry","category-sin-categoria","tag-elecciones","tag-noticias-2"],"jetpack_featured_media_url":"https:\/\/atecordoba.org\/wp-content\/uploads\/2020\/05\/logo-nuevochico-e1561581322808.png","_links":{"self":[{"href":"https:\/\/atecordoba.org\/index.php?rest_route=\/wp\/v2\/posts\/846","targetHints":{"allow":["GET"]}}],"collection":[{"href":"https:\/\/atecordoba.org\/index.php?rest_route=\/wp\/v2\/posts"}],"about":[{"href":"https:\/\/atecordoba.org\/index.php?rest_route=\/wp\/v2\/types\/post"}],"author":[{"embeddable":true,"href":"https:\/\/atecordoba.org\/index.php?rest_route=\/wp\/v2\/users\/1"}],"replies":[{"embeddable":true,"href":"https:\/\/atecordoba.org\/index.php?rest_route=%2Fwp%2Fv2%2Fcomments&post=846"}],"version-history":[{"count":0,"href":"https:\/\/atecordoba.org\/index.php?rest_route=\/wp\/v2\/posts\/846\/revisions"}],"wp:featuredmedia":[{"embeddable":true,"href":"https:\/\/atecordoba.org\/index.php?rest_route=\/wp\/v2\/media\/19220"}],"wp:attachment":[{"href":"https:\/\/atecordoba.org\/index.php?rest_route=%2Fwp%2Fv2%2Fmedia&parent=846"}],"wp:term":[{"taxonomy":"category","embeddable":true,"href":"https:\/\/atecordoba.org\/index.php?rest_route=%2Fwp%2Fv2%2Fcategories&post=846"},{"taxonomy":"post_tag","embeddable":true,"href":"https:\/\/atecordoba.org\/index.php?rest_route=%2Fwp%2Fv2%2Ftags&post=846"}],"curies":[{"name":"wp","href":"https:\/\/api.w.org\/{rel}","templated":true}]}}