{"id":8447,"date":"2017-05-09T12:43:38","date_gmt":"2017-05-09T15:43:38","guid":{"rendered":"http:\/\/www.atecordoba.org\/?p=8447"},"modified":"2020-07-02T11:37:04","modified_gmt":"2020-07-02T14:37:04","slug":"ate-convoca-a-asamblea-en-la-anac","status":"publish","type":"post","link":"https:\/\/atecordoba.org\/?p=8447","title":{"rendered":"ATE convoca a asamblea en la ANAC"},"content":{"rendered":"<p><em>La Coordinaci\u00f3n ATE-Anac Regional C\u00f3rdoba\/NOA convoca a todos los compa\u00f1eros a asamblea el d\u00eda jueves 11 de mayo, en todos los aeropuertos de la regi\u00f3n c\u00f3rdoba y cabecera regional.<\/em><\/p>\n<p><img loading=\"lazy\" decoding=\"async\" class=\"aligncenter size-full wp-image-8448\" src=\"http:\/\/www.atecordoba.org\/wp-content\/uploads\/2017\/05\/anac.jpg\" alt=\"\" width=\"400\" height=\"300\"><\/p>\n<p>Motiva la medida el padecimiento de todos los trabajadores de ANAC por la desidia de la administraci\u00f3n, que se expresa en:<\/p>\n<ul>\n<li>Falta de personal y pase a planta<\/li>\n<li>Indumentaria de trabajo<\/li>\n<li>Las cargas horarias<\/li>\n<li>Regularizaci\u00f3n y reubicaci\u00f3n de los compa\u00f1eros de aer\u00f3dromos anexados y los compa\u00f1eros en modernizaci\u00f3n.<\/li>\n<li>Falta de insumos y equipamientos.<\/li>\n<li>Falta de un sistema de reintegro de inspecciones acorde para el cobro de los vi\u00e1ticos de los inspectores aeron\u00e1uticos.<\/li>\n<li>Falta de regularizaci\u00f3n de los reencasillamientos.<\/li>\n<li>Falta de nuestro CCT y plan de carrera<\/li>\n<\/ul>\n<p>Todos los reclamos que hace a\u00f1os vienen postergando. Estamos abiertos al dialogo pero hay que terminar con el ninguneo a los trabajadores del organismo, exigimos avances efectivos en los reclamos.<\/p>\n<p>Los trabajadores de la ANAC queremos ser reconocidos, con nuestro trabajo garantizamos la seguridad operacional en el marco del crecimiento del transporte aero-comercial en el pa\u00eds. No pueden crecer las operaciones a\u00e9reas si el organismo que regula, controla, supervisa, fiscaliza y presta los servicios auxiliares a la navegaci\u00f3n a\u00e9rea no crece en consonancia. Eso requiere inversi\u00f3n y un plan estrat\u00e9gico de gesti\u00f3n que no vemos.<\/p>\n<p>Ante la conciliaci\u00f3n obligatoria ejecutada, queremos hacerle llegar al Ministerio de Trabajo la disconformidad con la que estamos trabajando en todos los \u00e1mbitos de la ANAC.<\/p>\n","protected":false},"excerpt":{"rendered":"<p>La Coordinaci\u00f3n ATE-Anac Regional C\u00f3rdoba\/NOA convoca a todos los compa\u00f1eros a asamblea el d\u00eda jueves 11 de mayo, en todos los aeropuertos de la regi\u00f3n c\u00f3rdoba y cabecera regional. Motiva la medida el padecimiento de todos los trabajadores de ANAC por la desidia de la administraci\u00f3n, que se expresa en: Falta de personal y pase [&hellip;]<\/p>\n","protected":false},"author":1,"featured_media":19220,"comment_status":"open","ping_status":"open","sticky":false,"template":"","format":"standard","meta":{"_exactmetrics_skip_tracking":false,"_exactmetrics_sitenote_active":false,"_exactmetrics_sitenote_note":"","_exactmetrics_sitenote_category":0,"jnews-multi-image_gallery":[],"jnews_single_post":[],"jnews_primary_category":[],"jnews_social_meta":[],"jnews_review":[],"enable_review":"","type":"","name":"","summary":"","brand":"","sku":"","good":[],"bad":[],"score_override":"","override_value":"","rating":[],"price":[],"jnews_override_counter":[],"jnews_post_split":[],"footnotes":""},"categories":[18],"tags":[33,347],"class_list":["post-8447","post","type-post","status-publish","format-standard","has-post-thumbnail","hentry","category-nacionales","tag-anac","tag-movimiento-aeronautico-cordobes-mac"],"jetpack_featured_media_url":"https:\/\/atecordoba.org\/wp-content\/uploads\/2020\/05\/logo-nuevochico-e1561581322808.png","_links":{"self":[{"href":"https:\/\/atecordoba.org\/index.php?rest_route=\/wp\/v2\/posts\/8447","targetHints":{"allow":["GET"]}}],"collection":[{"href":"https:\/\/atecordoba.org\/index.php?rest_route=\/wp\/v2\/posts"}],"about":[{"href":"https:\/\/atecordoba.org\/index.php?rest_route=\/wp\/v2\/types\/post"}],"author":[{"embeddable":true,"href":"https:\/\/atecordoba.org\/index.php?rest_route=\/wp\/v2\/users\/1"}],"replies":[{"embeddable":true,"href":"https:\/\/atecordoba.org\/index.php?rest_route=%2Fwp%2Fv2%2Fcomments&post=8447"}],"version-history":[{"count":1,"href":"https:\/\/atecordoba.org\/index.php?rest_route=\/wp\/v2\/posts\/8447\/revisions"}],"predecessor-version":[{"id":20554,"href":"https:\/\/atecordoba.org\/index.php?rest_route=\/wp\/v2\/posts\/8447\/revisions\/20554"}],"wp:featuredmedia":[{"embeddable":true,"href":"https:\/\/atecordoba.org\/index.php?rest_route=\/wp\/v2\/media\/19220"}],"wp:attachment":[{"href":"https:\/\/atecordoba.org\/index.php?rest_route=%2Fwp%2Fv2%2Fmedia&parent=8447"}],"wp:term":[{"taxonomy":"category","embeddable":true,"href":"https:\/\/atecordoba.org\/index.php?rest_route=%2Fwp%2Fv2%2Fcategories&post=8447"},{"taxonomy":"post_tag","embeddable":true,"href":"https:\/\/atecordoba.org\/index.php?rest_route=%2Fwp%2Fv2%2Ftags&post=8447"}],"curies":[{"name":"wp","href":"https:\/\/api.w.org\/{rel}","templated":true}]}}