{"id":8444,"date":"2017-05-08T16:50:18","date_gmt":"2017-05-08T19:50:18","guid":{"rendered":"http:\/\/www.atecordoba.org\/?p=8444"},"modified":"2017-05-08T16:50:18","modified_gmt":"2017-05-08T19:50:18","slug":"marchamos-contra-la-impunidad-contra-el-2-x-1-a-los-genocidas","status":"publish","type":"post","link":"https:\/\/atecordoba.org\/?p=8444","title":{"rendered":"Marchamos contra la impunidad, contra el 2 x 1 a los genocidas"},"content":{"rendered":"<p><em>El Consejo Directivo Provincial convoca a los estatales nacionales, provinciales y municipales a marchar el pr\u00f3ximo mi\u00e9rcoles en repudio al fallo de la Corte Suprema de Justicia.<\/em><\/p>\n<p><img loading=\"lazy\" decoding=\"async\" class=\"aligncenter size-full wp-image-8445\" src=\"http:\/\/www.atecordoba.org\/wp-content\/uploads\/2017\/05\/no-2-x-1.png\" alt=\"\" width=\"550\" height=\"223\"><\/p>\n<p>La conducci\u00f3n de ATE C\u00f3rdoba en su conjunto expresa el m\u00e1s profundo repudio al fallo judicial que beneficia a un genocida que particip\u00f3 del secuestro y desaparici\u00f3n de 20 trabajadores de la salud del Hospital Posadas, de la Capital Federal, durante la \u00faltima dictadura c\u00edvico-militar.<\/p>\n<p>La Corte Suprema emiti\u00f3 una sentencia de manera dividida que contradice las pol\u00edtica de DDHH que el pueblo argentino viene construyendo hace 30 a\u00f1os en la b\u00fasqueda pac\u00edfica de justicia, condena y c\u00e1rcel efectiva para los autores de la masacre m\u00e1s cruenta&nbsp;que registre la historia nacional.&nbsp;<\/p>\n<p>Aquellos trabajadores de la salud&nbsp;desaparecidos, muchos de los cuales eran afiliados de nuestra ATE, se merecen esta pelea para no regresar a la oscura etapa de la impunidad en la Argentina.<\/p>\n<p>Convocamos a todos los compa\u00f1eros el pr\u00f3ximo mi\u00e9rcoles a las 18 horas en la Plaza Agust\u00edn Tosco, para desde all\u00ed marchar junto al resto de las organizaciones presentes. S\u00f3lo el pueblo movilizado puede detener esta infamia judicial.<\/p>\n<p style=\"text-align: right;\">Mar\u00eda Liliana Salerno<\/p>\n<p style=\"text-align: right;\">Secretaria General<\/p>\n","protected":false},"excerpt":{"rendered":"<p>El Consejo Directivo Provincial convoca a los estatales nacionales, provinciales y municipales a marchar el pr\u00f3ximo mi\u00e9rcoles en repudio al fallo de la Corte Suprema de Justicia. La conducci\u00f3n de ATE C\u00f3rdoba en su conjunto expresa el m\u00e1s profundo repudio al fallo judicial que beneficia a un genocida que particip\u00f3 del secuestro y desaparici\u00f3n de [&hellip;]<\/p>\n","protected":false},"author":1,"featured_media":19220,"comment_status":"open","ping_status":"open","sticky":false,"template":"","format":"standard","meta":{"_exactmetrics_skip_tracking":false,"_exactmetrics_sitenote_active":false,"_exactmetrics_sitenote_note":"","_exactmetrics_sitenote_category":0,"jnews-multi-image_gallery":[],"jnews_single_post":[],"jnews_primary_category":[],"jnews_social_meta":[],"jnews_review":[],"enable_review":"","type":"","name":"","summary":"","brand":"","sku":"","good":[],"bad":[],"score_override":"","override_value":"","rating":[],"price":[],"jnews_override_counter":[],"jnews_post_split":[],"footnotes":""},"categories":[10,122],"tags":[],"class_list":["post-8444","post","type-post","status-publish","format-standard","has-post-thumbnail","hentry","category-accion-politica","category-ddhh"],"jetpack_featured_media_url":"https:\/\/atecordoba.org\/wp-content\/uploads\/2020\/05\/logo-nuevochico-e1561581322808.png","_links":{"self":[{"href":"https:\/\/atecordoba.org\/index.php?rest_route=\/wp\/v2\/posts\/8444","targetHints":{"allow":["GET"]}}],"collection":[{"href":"https:\/\/atecordoba.org\/index.php?rest_route=\/wp\/v2\/posts"}],"about":[{"href":"https:\/\/atecordoba.org\/index.php?rest_route=\/wp\/v2\/types\/post"}],"author":[{"embeddable":true,"href":"https:\/\/atecordoba.org\/index.php?rest_route=\/wp\/v2\/users\/1"}],"replies":[{"embeddable":true,"href":"https:\/\/atecordoba.org\/index.php?rest_route=%2Fwp%2Fv2%2Fcomments&post=8444"}],"version-history":[{"count":0,"href":"https:\/\/atecordoba.org\/index.php?rest_route=\/wp\/v2\/posts\/8444\/revisions"}],"wp:featuredmedia":[{"embeddable":true,"href":"https:\/\/atecordoba.org\/index.php?rest_route=\/wp\/v2\/media\/19220"}],"wp:attachment":[{"href":"https:\/\/atecordoba.org\/index.php?rest_route=%2Fwp%2Fv2%2Fmedia&parent=8444"}],"wp:term":[{"taxonomy":"category","embeddable":true,"href":"https:\/\/atecordoba.org\/index.php?rest_route=%2Fwp%2Fv2%2Fcategories&post=8444"},{"taxonomy":"post_tag","embeddable":true,"href":"https:\/\/atecordoba.org\/index.php?rest_route=%2Fwp%2Fv2%2Ftags&post=8444"}],"curies":[{"name":"wp","href":"https:\/\/api.w.org\/{rel}","templated":true}]}}