{"id":8441,"date":"2017-05-08T14:35:22","date_gmt":"2017-05-08T17:35:22","guid":{"rendered":"http:\/\/www.atecordoba.org\/?p=8441"},"modified":"2017-05-08T14:35:22","modified_gmt":"2017-05-08T17:35:22","slug":"clate-presento-la-campana-continental-en-defensa-de-la-prevision-social","status":"publish","type":"post","link":"https:\/\/atecordoba.org\/?p=8441","title":{"rendered":"CLATE present\u00f3 la campa\u00f1a continental en defensa de la previsi\u00f3n social"},"content":{"rendered":"<p><em>En la 43\u00aa edici\u00f3n de la reconocida Feria Internacional del Libro en la ciudad de Buenos Aires, la CLATE present\u00f3 la campa\u00f1a en defensa del derecho a la Previsi\u00f3n Social que llevar\u00e1 a adelante, en los 18 pa\u00edses que integran sus organizaciones miembro, a partir del pr\u00f3ximo 27 de junio. En el stand que el sindicato ATE de Argentina en la feria, el presidente de la Confederaci\u00f3n, Julio Fuentes present\u00f3 la acci\u00f3n continental junto a Jos\u00e9 L\u00f3pez de la COFE de Uruguay y los especialistas en temas previsionales argentinos Horacio Gonz\u00e1lez y Daniel El\u00edas y al economista chileno Patricio Guzm\u00e1n de la plataforma ciudadana &#8220;No m\u00e1s AFP&#8221;.<\/em><\/p>\n<p><img loading=\"lazy\" decoding=\"async\" class=\"aligncenter size-full wp-image-8442\" src=\"http:\/\/www.atecordoba.org\/wp-content\/uploads\/2017\/05\/feria-del-libro-julio-fuentes-e1494263578103.jpg\" alt=\"\" width=\"550\" height=\"743\"><\/p>\n<p>Antes de los oradores se present\u00f3 un trabajo audiovisual explicativo de la campa\u00f1a. El primero de ellos fue Julio Fuentes habl\u00f3 del lanzamiento de esta iniciativa de acci\u00f3n continental aprobada en el \u00faltimo Congreso Cincuentenario de la CLATE.&nbsp; &#8220;Estamos convocados a este 27 de junio, d\u00eda del trabajador estatal, a desarrollar durante un a\u00f1o un plan intensivo de concientizaci\u00f3n y de acci\u00f3n para defender los sistemas estatales, p\u00fablicos y de reparto que existen y dar la batalla contra los modelos de capitalizaci\u00f3n existentes&nbsp; en nuestra regi\u00f3n&#8221;. &#8220;esto lo podemos enfrentar si somos capaces de aportar a la creaci\u00f3n de un gran movimiento, que movilice a la familia trabajadora. Un ejemplo de su diversidad de edades y en todos los sentidos, es el movimiento No mas AFP en Chile que ha movilizado a millones, demostrando el fracaso del modelo de capitalizaci\u00f3n y a favor de un modelo de sociedad justo&#8221;.<\/p>\n<p>Luego tom\u00f3 la palabra el abogado previsionalista argentino Horacio Gonz\u00e1lez (asesor de la ATE y de la CTA Aut\u00f3noma) explic\u00f3 que es uno de los temas centrales en la regi\u00f3n en estos momentos, en distintos niveles de acuerdo a las realidades locales, el modelo de previsi\u00f3n social.&nbsp; &#8220;Hay toda una tendencia en el continente que plantea la capitalizaci\u00f3n como alternativa al reparto. En definitiva el debate es c\u00f3mo se organiza una sociedad: si se organiza sobre una base individualista y de lucro o sobre una base solidaria con un criterio intergeneracional&#8221;.<\/p>\n<p>En la lista de oradores continu\u00f3 el economista chileno Patricio Guzm\u00e1n, uno de los redactores de la propuesta alternativa de la plataforma ciudadana &#8220;No m\u00e1s AFP&#8221;. &#8220;Nosotros entendemos que hay que terminar con este sistema de capitalizaci\u00f3n individual, queremos volver a la seguridad social, que es solidaridad:&nbsp; un sistema en el que los trabajadores activos sostienen a los pasivos, que los hombres ayuden a las mujeres que cobran pensiones a\u00fan menores, y tambi\u00e9n donde los que m\u00e1s tienen ayuden a los que menos tienen. Y su financiamiento debe ser tripartito: el Estado, las empresas y los trabajadores&#8221;.<\/p>\n<p>Otro especialista argentino tom\u00f3 la palabra, el presidente de COFEPRES (Consejo Federal Previsional), Daniel El\u00edas, quien &#8220;es bueno recordar la experiencia de los a\u00f1os 90 cuando se introduce la finalidad de lucro en la seguridad social, con la presencia de administradoras privadas que vinieron a desguazar nuestro sistema de reparto y solidario&#8221;. Habl\u00f3 del caso argentino y la recuperaci\u00f3n del sistema de reparto en el 2008 y su funcionamiento actual. Pero tambi\u00e9n advirti\u00f3 que &#8220;en nuestro pa\u00eds vamos a enfrentar este renacer de algunas iniciativas que pretenden restituir esta finalidad a la previsi\u00f3n social o una administraci\u00f3n privada que se lleve parte del esfuerzo de los trabajadores&#8221;.<\/p>\n<p>Y el cierre estuvo a cargo de Jos\u00e9 L\u00f3pez, el secretario general de la hist\u00f3rica fundadora COFE de Uruguay, y tambi\u00e9n dirigente nacional de la central PIT-CNT. Tras explicar las deficiencias del sistema mixto imperante en su pa\u00eds, el dirigente uruguayo se\u00f1al\u00f3: &#8220;es un tema estrat\u00e9gico. Y complicado para que lo vean las nuevas generaciones, uno lo empieza a pensar cuando se acerca a la edad. Por eso es importante esta campa\u00f1a para concientizar a los trabajadores activos de que tenemos que luchar por un sistema de previsi\u00f3n social que sea estatal y p\u00fablico porque es la manera de evitar el lucro y logramos mas justicia social que es lo que buscamos&#8221;.<\/p>\n<p>Presentes en el acto<\/p>\n<p>Participaron del lanzamiento, Carlos Custer, hist\u00f3rico dirigente sindical argentino e internacional, fundador de la CLATE y la agregada laboral de la embajada de Chile, Jeanette Soto. Estuvieron presentes delegados de la ATE del sector Salud de distintas provincias argentinas que estaban participando de un encuentro del sindicato, de hospitales de la Ciudad, como el Moyano y el Rivadavia, del Sector Nuclear, entre otros. Dirigentes nacionales de ATE, como Mar\u00eda Teresa Romero, secretaria de formaci\u00f3n a nivel nacional e integrante del Comit\u00e9 Ejecutivo de la CLATE, como secretaria alterna en la misma \u00e1rea; Silvia Le\u00f3n, secretaria de organizaci\u00f3n y Mario Mu\u00f1oz de gremiales, Ernesto Contreras, Tr\u00e1nsito Fern\u00e1ndez, Gustavo Quinteros, Leo V\u00e1zquez del CDN y del Centro Nacional de Jubilados de ATE, Olivia Ruiz<\/p>\n","protected":false},"excerpt":{"rendered":"<p>En la 43\u00aa edici\u00f3n de la reconocida Feria Internacional del Libro en la ciudad de Buenos Aires, la CLATE present\u00f3 la campa\u00f1a en defensa del derecho a la Previsi\u00f3n Social que llevar\u00e1 a adelante, en los 18 pa\u00edses que integran sus organizaciones miembro, a partir del pr\u00f3ximo 27 de junio. En el stand que el [&hellip;]<\/p>\n","protected":false},"author":1,"featured_media":19220,"comment_status":"open","ping_status":"open","sticky":false,"template":"","format":"standard","meta":{"_exactmetrics_skip_tracking":false,"_exactmetrics_sitenote_active":false,"_exactmetrics_sitenote_note":"","_exactmetrics_sitenote_category":0,"jnews-multi-image_gallery":[],"jnews_single_post":[],"jnews_primary_category":[],"jnews_social_meta":[],"jnews_review":[],"enable_review":"","type":"","name":"","summary":"","brand":"","sku":"","good":[],"bad":[],"score_override":"","override_value":"","rating":[],"price":[],"jnews_override_counter":[],"jnews_post_split":[],"footnotes":""},"categories":[129],"tags":[],"class_list":["post-8441","post","type-post","status-publish","format-standard","has-post-thumbnail","hentry","category-clate"],"jetpack_featured_media_url":"https:\/\/atecordoba.org\/wp-content\/uploads\/2020\/05\/logo-nuevochico-e1561581322808.png","_links":{"self":[{"href":"https:\/\/atecordoba.org\/index.php?rest_route=\/wp\/v2\/posts\/8441","targetHints":{"allow":["GET"]}}],"collection":[{"href":"https:\/\/atecordoba.org\/index.php?rest_route=\/wp\/v2\/posts"}],"about":[{"href":"https:\/\/atecordoba.org\/index.php?rest_route=\/wp\/v2\/types\/post"}],"author":[{"embeddable":true,"href":"https:\/\/atecordoba.org\/index.php?rest_route=\/wp\/v2\/users\/1"}],"replies":[{"embeddable":true,"href":"https:\/\/atecordoba.org\/index.php?rest_route=%2Fwp%2Fv2%2Fcomments&post=8441"}],"version-history":[{"count":0,"href":"https:\/\/atecordoba.org\/index.php?rest_route=\/wp\/v2\/posts\/8441\/revisions"}],"wp:featuredmedia":[{"embeddable":true,"href":"https:\/\/atecordoba.org\/index.php?rest_route=\/wp\/v2\/media\/19220"}],"wp:attachment":[{"href":"https:\/\/atecordoba.org\/index.php?rest_route=%2Fwp%2Fv2%2Fmedia&parent=8441"}],"wp:term":[{"taxonomy":"category","embeddable":true,"href":"https:\/\/atecordoba.org\/index.php?rest_route=%2Fwp%2Fv2%2Fcategories&post=8441"},{"taxonomy":"post_tag","embeddable":true,"href":"https:\/\/atecordoba.org\/index.php?rest_route=%2Fwp%2Fv2%2Ftags&post=8441"}],"curies":[{"name":"wp","href":"https:\/\/api.w.org\/{rel}","templated":true}]}}