{"id":8437,"date":"2017-05-05T15:45:07","date_gmt":"2017-05-05T18:45:07","guid":{"rendered":"http:\/\/www.atecordoba.org\/?p=8437"},"modified":"2017-05-05T15:45:07","modified_gmt":"2017-05-05T18:45:07","slug":"eleccion-de-delegados-en-desarrollo-social-de-la-nacion","status":"publish","type":"post","link":"https:\/\/atecordoba.org\/?p=8437","title":{"rendered":"Elecci\u00f3n de delegados en Desarrollo Social de la Naci\u00f3n"},"content":{"rendered":"<p><em>Con una amplia concurrencia votaron los&nbsp; compa\u00f1eros del Centro de Referencia &nbsp;C\u00f3rdoba, comprometidos con la representaci\u00f3n de ATE en el Ministerio de Desarrollo Social de la <\/em><em>Naci\u00f3n.<\/em><\/p>\n<p><img loading=\"lazy\" decoding=\"async\" class=\"aligncenter size-full wp-image-8438\" src=\"http:\/\/www.atecordoba.org\/wp-content\/uploads\/2017\/05\/delegados-desarrollo-social-e1494009528774.png\" alt=\"\" width=\"550\" height=\"978\"><\/p>\n<p>El pasado jueves 27 de abril, tal como estaba previsto, se realiz\u00f3 la elecci\u00f3n de delegados del Centro de Referencia C\u00f3rdoba dependiente del Ministerio de Desarrollo Social de la Naci\u00f3n.<\/p>\n<p>La representaci\u00f3n&nbsp;sindical del sector recaer\u00e1 sobre los nuevos delegados&nbsp; electos, &nbsp;los compa\u00f1eros Ricardo C\u00e9sar Reyna &nbsp;y Soledad Micoli, con&nbsp;mandato por los pr\u00f3ximos dos a\u00f1os.<\/p>\n<p>&#8220;Hay que destacar que los delegados resultamos ampliamente respaldados por los&nbsp;compa\u00f1eros, alcanzando de la participaci\u00f3n del sector en m\u00e1s de un 50% del&nbsp; padr\u00f3n&#8221;, explic\u00f3 Reyna.<\/p>\n<p>En la oportunidad, tuvieron&nbsp; presentes dirigentes del Consejo Directivo Provincial apoyando el proceso electoral. De esta forma&nbsp;los delegados del sector &nbsp;revalidan su compromiso y ante los tiempos que se avecinan asumen la responsabilidad&nbsp; de lucha en defensa de los derechos de los trabajadores.<\/p>\n","protected":false},"excerpt":{"rendered":"<p>Con una amplia concurrencia votaron los&nbsp; compa\u00f1eros del Centro de Referencia &nbsp;C\u00f3rdoba, comprometidos con la representaci\u00f3n de ATE en el Ministerio de Desarrollo Social de la Naci\u00f3n. El pasado jueves 27 de abril, tal como estaba previsto, se realiz\u00f3 la elecci\u00f3n de delegados del Centro de Referencia C\u00f3rdoba dependiente del Ministerio de Desarrollo Social de [&hellip;]<\/p>\n","protected":false},"author":1,"featured_media":19220,"comment_status":"open","ping_status":"open","sticky":false,"template":"","format":"standard","meta":{"_exactmetrics_skip_tracking":false,"_exactmetrics_sitenote_active":false,"_exactmetrics_sitenote_note":"","_exactmetrics_sitenote_category":0,"jnews-multi-image_gallery":[],"jnews_single_post":[],"jnews_primary_category":[],"jnews_social_meta":[],"jnews_review":[],"enable_review":"","type":"","name":"","summary":"","brand":"","sku":"","good":[],"bad":[],"score_override":"","override_value":"","rating":[],"price":[],"jnews_override_counter":[],"jnews_post_split":[],"footnotes":""},"categories":[113,18],"tags":[],"class_list":["post-8437","post","type-post","status-publish","format-standard","has-post-thumbnail","hentry","category-desarrollo-social-nacion","category-nacionales"],"jetpack_featured_media_url":"https:\/\/atecordoba.org\/wp-content\/uploads\/2020\/05\/logo-nuevochico-e1561581322808.png","_links":{"self":[{"href":"https:\/\/atecordoba.org\/index.php?rest_route=\/wp\/v2\/posts\/8437","targetHints":{"allow":["GET"]}}],"collection":[{"href":"https:\/\/atecordoba.org\/index.php?rest_route=\/wp\/v2\/posts"}],"about":[{"href":"https:\/\/atecordoba.org\/index.php?rest_route=\/wp\/v2\/types\/post"}],"author":[{"embeddable":true,"href":"https:\/\/atecordoba.org\/index.php?rest_route=\/wp\/v2\/users\/1"}],"replies":[{"embeddable":true,"href":"https:\/\/atecordoba.org\/index.php?rest_route=%2Fwp%2Fv2%2Fcomments&post=8437"}],"version-history":[{"count":0,"href":"https:\/\/atecordoba.org\/index.php?rest_route=\/wp\/v2\/posts\/8437\/revisions"}],"wp:featuredmedia":[{"embeddable":true,"href":"https:\/\/atecordoba.org\/index.php?rest_route=\/wp\/v2\/media\/19220"}],"wp:attachment":[{"href":"https:\/\/atecordoba.org\/index.php?rest_route=%2Fwp%2Fv2%2Fmedia&parent=8437"}],"wp:term":[{"taxonomy":"category","embeddable":true,"href":"https:\/\/atecordoba.org\/index.php?rest_route=%2Fwp%2Fv2%2Fcategories&post=8437"},{"taxonomy":"post_tag","embeddable":true,"href":"https:\/\/atecordoba.org\/index.php?rest_route=%2Fwp%2Fv2%2Ftags&post=8437"}],"curies":[{"name":"wp","href":"https:\/\/api.w.org\/{rel}","templated":true}]}}