{"id":8431,"date":"2017-05-04T14:01:34","date_gmt":"2017-05-04T17:01:34","guid":{"rendered":"http:\/\/www.atecordoba.org\/?p=8431"},"modified":"2017-05-04T14:01:34","modified_gmt":"2017-05-04T17:01:34","slug":"que-nos-devuelvan-la-mitad-del-dolor","status":"publish","type":"post","link":"https:\/\/atecordoba.org\/?p=8431","title":{"rendered":"&#8220;Que nos devuelvan la mitad del dolor&#8221;"},"content":{"rendered":"<p><em>Una carta del artista&nbsp;V\u00edctor Heredia resume muchas de las reacciones que gener\u00f3 el fallo de la Corte Suprema que benefici\u00f3 ayer a un genocida.<\/em><\/p>\n<p><img loading=\"lazy\" decoding=\"async\" class=\"aligncenter size-full wp-image-8432\" src=\"http:\/\/www.atecordoba.org\/wp-content\/uploads\/2017\/05\/victor-heredia-e1493917248822.jpg\" alt=\"\" width=\"550\" height=\"397\"><\/p>\n<p>\u00bfDos por uno? Estoy de acuerdo pero quiero lo mismo para los m\u00edos, mis queridos. Esa conmutaci\u00f3n de pena, de dolores, de picana, de disparo fatal y feroz escalofr\u00edo. Quiero la mitad del recorrido de la bala que los asesin\u00f3, que el ca\u00f1\u00f3n con que violaron a Cristina se quede a mitad de camino, que la trompada no llegue a destino, que la dejen amamantar a su hijo un poco m\u00e1s, para que esa ternura tape el olor a carne quemada que percibo cuando entro a Capucha o Capuchita. Quiero exactamente la mitad de todo lo que padecieron. Es decir que de tanto conmutar padecimientos al fin me los devuelvan con vida<\/p>\n<p>Quiero al nieto de mi madre, a mi sobrino nacido en cautiverio, ese que por razones inconmutables nunca pudimos abrazar. S\u00ed, quiero a mi hermana y a mi padre, los quiero aqu\u00ed de nuevo como hace cuarenta a\u00f1os. \u00bfNo les parece justo?<br \/>\nUn dos por uno que retire ese oc\u00e9ano de llanto que nos ahog\u00f3 d\u00eda a d\u00eda en la desesperada espera. \u00a1Quiero ahora mismo la mitad de mi dolor, de mis temores, de mi exilio! \u00bfNo pueden? \u00bfC\u00f3mo que no pueden? \u00bfAcaso no son capaces de torcer nuestra memoria? \u00bfDe pretender que un asesino ya no lo es m\u00e1s porque se puso viejo? \u00bfLos devuelven a casa? Muy bien: \u00bfD\u00f3nde est\u00e1n mis amigos? \u00bfD\u00f3nde est\u00e1n nuestros hijos, nuestros padres y hermanos?<\/p>\n<p>Les recuerdo una cosa:<br \/>\nTodav\u00eda cantamos. Todav\u00eda pedimos. Todav\u00eda so\u00f1amos.<br \/>\n\u00a1\u00a1\u00a1\u00a1Todav\u00eda esperamos!!!<\/p>\n","protected":false},"excerpt":{"rendered":"<p>Una carta del artista&nbsp;V\u00edctor Heredia resume muchas de las reacciones que gener\u00f3 el fallo de la Corte Suprema que benefici\u00f3 ayer a un genocida. \u00bfDos por uno? Estoy de acuerdo pero quiero lo mismo para los m\u00edos, mis queridos. Esa conmutaci\u00f3n de pena, de dolores, de picana, de disparo fatal y feroz escalofr\u00edo. Quiero la [&hellip;]<\/p>\n","protected":false},"author":1,"featured_media":19220,"comment_status":"open","ping_status":"open","sticky":false,"template":"","format":"standard","meta":{"_exactmetrics_skip_tracking":false,"_exactmetrics_sitenote_active":false,"_exactmetrics_sitenote_note":"","_exactmetrics_sitenote_category":0,"jnews-multi-image_gallery":[],"jnews_single_post":[],"jnews_primary_category":[],"jnews_social_meta":[],"jnews_review":[],"enable_review":"","type":"","name":"","summary":"","brand":"","sku":"","good":[],"bad":[],"score_override":"","override_value":"","rating":[],"price":[],"jnews_override_counter":[],"jnews_post_split":[],"footnotes":""},"categories":[10,122],"tags":[],"class_list":["post-8431","post","type-post","status-publish","format-standard","has-post-thumbnail","hentry","category-accion-politica","category-ddhh"],"jetpack_featured_media_url":"https:\/\/atecordoba.org\/wp-content\/uploads\/2020\/05\/logo-nuevochico-e1561581322808.png","_links":{"self":[{"href":"https:\/\/atecordoba.org\/index.php?rest_route=\/wp\/v2\/posts\/8431","targetHints":{"allow":["GET"]}}],"collection":[{"href":"https:\/\/atecordoba.org\/index.php?rest_route=\/wp\/v2\/posts"}],"about":[{"href":"https:\/\/atecordoba.org\/index.php?rest_route=\/wp\/v2\/types\/post"}],"author":[{"embeddable":true,"href":"https:\/\/atecordoba.org\/index.php?rest_route=\/wp\/v2\/users\/1"}],"replies":[{"embeddable":true,"href":"https:\/\/atecordoba.org\/index.php?rest_route=%2Fwp%2Fv2%2Fcomments&post=8431"}],"version-history":[{"count":0,"href":"https:\/\/atecordoba.org\/index.php?rest_route=\/wp\/v2\/posts\/8431\/revisions"}],"wp:featuredmedia":[{"embeddable":true,"href":"https:\/\/atecordoba.org\/index.php?rest_route=\/wp\/v2\/media\/19220"}],"wp:attachment":[{"href":"https:\/\/atecordoba.org\/index.php?rest_route=%2Fwp%2Fv2%2Fmedia&parent=8431"}],"wp:term":[{"taxonomy":"category","embeddable":true,"href":"https:\/\/atecordoba.org\/index.php?rest_route=%2Fwp%2Fv2%2Fcategories&post=8431"},{"taxonomy":"post_tag","embeddable":true,"href":"https:\/\/atecordoba.org\/index.php?rest_route=%2Fwp%2Fv2%2Ftags&post=8431"}],"curies":[{"name":"wp","href":"https:\/\/api.w.org\/{rel}","templated":true}]}}