{"id":8423,"date":"2017-04-30T11:45:04","date_gmt":"2017-04-30T14:45:04","guid":{"rendered":"http:\/\/www.atecordoba.org\/?p=8423"},"modified":"2020-05-14T10:12:30","modified_gmt":"2020-05-14T13:12:30","slug":"feliz-dia-del-trabajador","status":"publish","type":"post","link":"https:\/\/atecordoba.org\/?p=8423","title":{"rendered":"Feliz D\u00eda del Trabajador"},"content":{"rendered":"<p><em>El consejo directivo Provincial de ATE C\u00f3rdoba env\u00eda a todos nuestros afiliados estatales, nacionales, provinciales y municipales, el m\u00e1s fraterno saludo al festejarse ma\u00f1ana 1\u00ba de Mayo el D\u00eda del Trabajador.<\/em><\/p>\n<p><img loading=\"lazy\" decoding=\"async\" class=\"aligncenter size-full wp-image-8412\" src=\"http:\/\/atecordoba.org\/wp-content\/uploads\/2020\/05\/20170419_121927-e1492632145565.jpg\" alt=\"\" width=\"253\" height=\"450\" \/><\/p>\n<p>Si todos los a\u00f1os refrendamos nuestro compromiso en la defensa de los derechos y el salario de los estatales, la etapa que atravesamos exige que estemos a\u00fan m\u00e1s firmes de nuestras banderas, ya que el proceso de ataque y menosprecio de los trabajadores del Estado, y de todo lo estatal, camina diariamente en los pasillos de cada organismo.<\/p>\n<p>Se expresa en primer t\u00e9rmino en los salarios a la baja que lamentablemente se avizoran en cada mesa de discusi\u00f3n salarial, o en las que ya se cerraron como sucedi\u00f3 en C\u00f3rdoba. En tal sentido, ATE se puso para este a\u00f1o el horizonte de romper el techo remunerativo que la gesti\u00f3n macrista intenta imponer en el Estado nacional. Pero adem\u00e1s, las reuniones con los gobernadores, las loas a la modernizaci\u00f3n en las provincias, adelantan los procesos de ajuste que ya mostraron sus u\u00f1as desde principios del 2016 a nivel nacional.<\/p>\n<p>Ante este panorama, que este 1\u00ba de mayo nos re\u00fana alrededor de la unidad en la defensa de del Estado interventor y regulador de la econom\u00eda y que nos impulse a crecer en organizaci\u00f3n, porque desde Chicago, pasando por el 17 de octubre, hasta hoy, la lucha de la clase trabajadora es la lucha contra la explotaci\u00f3n, por la patria liberada y la felicidad del pueblo.<\/p>\n<p>Mar\u00eda Liliana Salerno<\/p>\n<p>Secretaria General<\/p>\n","protected":false},"excerpt":{"rendered":"<p>El consejo directivo Provincial de ATE C\u00f3rdoba env\u00eda a todos nuestros afiliados estatales, nacionales, provinciales y municipales, el m\u00e1s fraterno saludo al festejarse ma\u00f1ana 1\u00ba de Mayo el D\u00eda del Trabajador. Si todos los a\u00f1os refrendamos nuestro compromiso en la defensa de los derechos y el salario de los estatales, la etapa que atravesamos exige [&hellip;]<\/p>\n","protected":false},"author":1,"featured_media":15633,"comment_status":"open","ping_status":"open","sticky":false,"template":"","format":"standard","meta":{"_exactmetrics_skip_tracking":false,"_exactmetrics_sitenote_active":false,"_exactmetrics_sitenote_note":"","_exactmetrics_sitenote_category":0,"jnews-multi-image_gallery":[],"jnews_single_post":{"subtitle":"","format":"standard","video":"","gallery":"","source_name":"","source_url":"","via_name":"","via_url":"","override_template":"0","override":[{"template":"1","single_blog_custom":"","parallax":"1","fullscreen":"0","layout":"right-sidebar","sidebar":"default-sidebar","second_sidebar":"default-sidebar","sticky_sidebar":"1","share_position":"top","share_float_style":"share-monocrhome","show_share_counter":"1","show_view_counter":"1","show_featured":"1","show_post_meta":"1","show_post_author":"1","show_post_author_image":"1","show_post_date":"1","post_date_format":"default","post_date_format_custom":"Y\/m\/d","show_post_category":"1","show_post_reading_time":"0","post_reading_time_wpm":"300","show_zoom_button":"0","zoom_button_out_step":"2","zoom_button_in_step":"3","show_post_tag":"1","show_prev_next_post":"1","show_popup_post":"1","number_popup_post":"1","show_author_box":"0","show_post_related":"0","show_inline_post_related":"0"}],"override_image_size":"0","image_override":[{"single_post_thumbnail_size":"crop-500","single_post_gallery_size":"crop-500"}],"trending_post":"0","trending_post_position":"meta","trending_post_label":"Trending","sponsored_post":"0","sponsored_post_label":"Sponsored by","sponsored_post_name":"","sponsored_post_url":"","sponsored_post_logo_enable":"0","sponsored_post_logo":"","sponsored_post_desc":""},"jnews_primary_category":{"id":""},"jnews_social_meta":{"fb_title":"","fb_description":"","fb_image":"","twitter_title":"","twitter_description":"","twitter_image":""},"jnews_review":[],"enable_review":"0","type":"percentage","name":"","summary":"","brand":"","sku":"","good":[{"good_text":""}],"bad":[{"bad_text":""}],"score_override":"","override_value":"","rating":[{"rating_text":"","rating_number":"10"}],"price":[{"shop":"","price":"","link":"","icon":""}],"jnews_override_counter":{"override_view_counter":"0","view_counter_number":"0","override_share_counter":"0","share_counter_number":"0","override_like_counter":"0","like_counter_number":"0","override_dislike_counter":"0","dislike_counter_number":"0"},"jnews_post_split":{"enable_post_split":"0","post_split":[{"template":"1","tag":"h2","numbering":"asc","mode":"normal"}]},"footnotes":""},"categories":[53],"tags":[],"class_list":["post-8423","post","type-post","status-publish","format-standard","has-post-thumbnail","hentry","category-comunicados-de-prensa"],"jetpack_featured_media_url":"https:\/\/atecordoba.org\/wp-content\/uploads\/2020\/05\/20170419_121927-e1492632145565.jpg","_links":{"self":[{"href":"https:\/\/atecordoba.org\/index.php?rest_route=\/wp\/v2\/posts\/8423","targetHints":{"allow":["GET"]}}],"collection":[{"href":"https:\/\/atecordoba.org\/index.php?rest_route=\/wp\/v2\/posts"}],"about":[{"href":"https:\/\/atecordoba.org\/index.php?rest_route=\/wp\/v2\/types\/post"}],"author":[{"embeddable":true,"href":"https:\/\/atecordoba.org\/index.php?rest_route=\/wp\/v2\/users\/1"}],"replies":[{"embeddable":true,"href":"https:\/\/atecordoba.org\/index.php?rest_route=%2Fwp%2Fv2%2Fcomments&post=8423"}],"version-history":[{"count":1,"href":"https:\/\/atecordoba.org\/index.php?rest_route=\/wp\/v2\/posts\/8423\/revisions"}],"predecessor-version":[{"id":19348,"href":"https:\/\/atecordoba.org\/index.php?rest_route=\/wp\/v2\/posts\/8423\/revisions\/19348"}],"wp:featuredmedia":[{"embeddable":true,"href":"https:\/\/atecordoba.org\/index.php?rest_route=\/wp\/v2\/media\/15633"}],"wp:attachment":[{"href":"https:\/\/atecordoba.org\/index.php?rest_route=%2Fwp%2Fv2%2Fmedia&parent=8423"}],"wp:term":[{"taxonomy":"category","embeddable":true,"href":"https:\/\/atecordoba.org\/index.php?rest_route=%2Fwp%2Fv2%2Fcategories&post=8423"},{"taxonomy":"post_tag","embeddable":true,"href":"https:\/\/atecordoba.org\/index.php?rest_route=%2Fwp%2Fv2%2Ftags&post=8423"}],"curies":[{"name":"wp","href":"https:\/\/api.w.org\/{rel}","templated":true}]}}