{"id":8404,"date":"2017-04-19T17:05:58","date_gmt":"2017-04-19T20:05:58","guid":{"rendered":"http:\/\/www.atecordoba.org\/?p=8404"},"modified":"2017-04-19T17:05:58","modified_gmt":"2017-04-19T20:05:58","slug":"paro-nacional-ate-se-movilizo-al-ministerio-de-trabajo","status":"publish","type":"post","link":"https:\/\/atecordoba.org\/?p=8404","title":{"rendered":"Paro Nacional: ATE se moviliz\u00f3 al Ministerio de Trabajo"},"content":{"rendered":"<p><em>El paro se llev\u00f3 a cabo desde las primeras horas de la ma\u00f1ana. El Consejo Directivo Provincial se moviliz\u00f3 junto a la seccional R\u00edo Tercero en reclamo de apertura de paritarias.<\/em><\/p>\n<p><img loading=\"lazy\" decoding=\"async\" class=\"aligncenter size-full wp-image-8405\" src=\"http:\/\/www.atecordoba.org\/wp-content\/uploads\/2017\/04\/20170419_113932-e1492631398711.jpg\" alt=\"\" width=\"550\" height=\"309\"><\/p>\n<p>&#8220;Es inaceptable una paritaria como la que plantea el gobierno de Macri, ning\u00fan gremio puede aceptar el 17% en estas condiciones&#8221;, alent\u00f3 con el micr\u00f3fono en la mano frente al Ministerio de Trabajo la secretaria General de ATE C\u00f3rdoba hoy al mediod\u00eda, cuando la columna de trabajadores estatales march\u00f3&nbsp;en el marco del paro nacional de nuestro gremio.<\/p>\n<p><img loading=\"lazy\" decoding=\"async\" class=\"aligncenter size-full wp-image-8406\" src=\"http:\/\/www.atecordoba.org\/wp-content\/uploads\/2017\/04\/20170419_113953-e1492631461301.jpg\" alt=\"\" width=\"550\" height=\"309\"><\/p>\n<p>La movilizaci\u00f3n atraves\u00f3 el centro de la ciudad para concentrarse en la delegaci\u00f3n local del Ministerio de Trabajo, tras haber partido desde la sede de ATE.&nbsp;<\/p>\n<p>Frente a la cartera laboral, Salerno critic\u00f3 al gobierno de Macri porque &#8220;primero &nbsp;no llam\u00f3 \u00f1oquis y ahora le agrega que somos mafias. Deber\u00edan fijarse que son ellos: las mafias pol\u00edticas, judiciales, del futbol, mafias en todo lo que han tocado, que no se hagan los inocentes y menos que crean que nos van a amedrentar con esas acusaciones&#8221;.<\/p>\n<p><img loading=\"lazy\" decoding=\"async\" class=\"size-full wp-image-8407 aligncenter\" src=\"http:\/\/www.atecordoba.org\/wp-content\/uploads\/2017\/04\/20170419_113154-e1492631548228.jpg\" alt=\"\" width=\"253\" height=\"450\"><\/p>\n<p>La dirigente afirm\u00f3 que &#8220;si quieren usar los medios de comunicaci\u00f3n para hacernos creer que somos la carro\u00f1a de la sociedad, vamos a demostrar que somos trabajadoras y trabajadores dispuestos a dar la pelea. Tampoco nos van a intimidar con el protocolo antipiquetes o los descuentos por los d\u00edas de paro&#8221;.<\/p>\n<p><img loading=\"lazy\" decoding=\"async\" class=\"aligncenter size-full wp-image-8410\" src=\"http:\/\/www.atecordoba.org\/wp-content\/uploads\/2017\/04\/WhatsApp-Image-2017-04-19-at-13.06.34-e1492631947463.jpeg\" alt=\"\" width=\"550\" height=\"309\"><\/p>\n<p>&nbsp;<\/p>\n<p>Frente a los estatales de diversos organismos nacionales, provinciales y municipales que conformaron una nutrida columna, sumados a los fabriqueros llegados desde la seccional R\u00edo Tercero, encabezados por su secretario General, Cristian Colman, Salerno alert\u00f3 que &#8220;nos vamos a ver en problemas con ese pacto que Macri firm\u00f3 ayer con 15 gobernadores donde dicen que van a modernizar el Estado, a nivel nacional y en las provincias. Ya vimos como modernizan el estado nacional: despidiendo trabajadores y agregando ministerios y secretarias, acus\u00e1ndonos de \u00f1oquis y aumentando la burocracia que dicen combatir.&nbsp;Ahora, en provincias y municipios significa tambi\u00e9n el achique de los planteles de trabajadores, es el ajuste liso y llano&#8221;.<\/p>\n<p><img loading=\"lazy\" decoding=\"async\" class=\"aligncenter size-full wp-image-8411\" src=\"http:\/\/www.atecordoba.org\/wp-content\/uploads\/2017\/04\/afiche-1.png\" alt=\"\" width=\"550\" height=\"309\"><\/p>\n<p>Y concluy\u00f3 se\u00f1alando que &#8220;hoy tenemos la misma pol\u00edtica del menemismo pero con un presidente rubio, de ojos celestes, que expresa a una clase privilegiada. En ese marco el compromiso de ATE es trabajar cada d\u00eda, estar presente en cada sector donde los compa\u00f1eros requieran nuestra presencia defendiendo los puestos de trabajo, donde hay un problema. No nos achiquemos con las amenazas de la patronal, con los descuentos de d\u00eda de paro, nadie sale adelante sin sacrificio, sin luchar por lo que se cree.&nbsp;El presente es la lucha y el futuro es nuestro&#8221;.<\/p>\n<p><strong>R\u00edo Tercero<\/strong><\/p>\n<p><img loading=\"lazy\" decoding=\"async\" class=\"aligncenter size-full wp-image-8408\" src=\"http:\/\/www.atecordoba.org\/wp-content\/uploads\/2017\/04\/20170419_114000-e1492631780747.jpg\" alt=\"\" width=\"550\" height=\"309\"><\/p>\n<p>Previamente, se dirigi\u00f3 a los presentes el secretario Gremial de la seccional r\u00edo Tercero, Damian Albornoz, que reclam\u00f3 la apertura &#8220;de la paritaria naciona2, al tiempo que pidi\u00f3 &#8220;generar las condiciones para que cada vez seamos m\u00e1s en la calle. En R\u00edo Tercero lo sabemos. Laburamos d\u00eda a d\u00eda para concientizar a los compa\u00f1eros, que esta pol\u00edtica econ\u00f3mica que se lleva adelante forma parte de una sinton\u00eda que &nbsp;vimos con varios gobiernos nacionales&#8221;.<\/p>\n<p><img loading=\"lazy\" decoding=\"async\" class=\"aligncenter size-full wp-image-8412\" src=\"http:\/\/www.atecordoba.org\/wp-content\/uploads\/2017\/04\/20170419_121927-e1492632145565.jpg\" alt=\"\" width=\"253\" height=\"450\"><\/p>\n<p>El dirigente que se desempe\u00f1a en la F\u00e1brica Militar asegur\u00f3 que &#8220;nos movilizamos porque estamos convencidos que &nbsp;la unidad no se construye con discursos sino con hechos concretos. Y expresamos nuestro orgullo de ser estatales y de ATE, que marca una distancia evidente con aquellos compa\u00f1eros que lamentablemente no son escuchados por sus sindicatos. Por eso hacemos la convocatoria de la unidad en la lucha&#8221;<\/p>\n<p><img loading=\"lazy\" decoding=\"async\" class=\"aligncenter size-full wp-image-8413\" src=\"http:\/\/www.atecordoba.org\/wp-content\/uploads\/2017\/04\/juntos.png\" alt=\"\" width=\"550\" height=\"309\"><\/p>\n<p>Finalmente, Albornoz se gan\u00f3 el aplauso de todos al decir que &#8220;vamos a defender el Estado de las pol\u00edticas de ajuste porque somos los trabajadores quienes garantizamos las pol\u00edticas p\u00fablicas estatales, no los funcionarios. Y vamos a seguir insistiendo para que las pol\u00edticas p\u00fablicas lleguen a todo el territorio nacional&#8221;.<\/p>\n<p><img loading=\"lazy\" decoding=\"async\" class=\"aligncenter size-full wp-image-8414\" src=\"http:\/\/www.atecordoba.org\/wp-content\/uploads\/2017\/04\/20170419_113258-e1492632271903.jpg\" alt=\"\" width=\"550\" height=\"309\"><\/p>\n","protected":false},"excerpt":{"rendered":"<p>El paro se llev\u00f3 a cabo desde las primeras horas de la ma\u00f1ana. El Consejo Directivo Provincial se moviliz\u00f3 junto a la seccional R\u00edo Tercero en reclamo de apertura de paritarias. &#8220;Es inaceptable una paritaria como la que plantea el gobierno de Macri, ning\u00fan gremio puede aceptar el 17% en estas condiciones&#8221;, alent\u00f3 con el [&hellip;]<\/p>\n","protected":false},"author":1,"featured_media":19220,"comment_status":"open","ping_status":"open","sticky":false,"template":"","format":"standard","meta":{"_exactmetrics_skip_tracking":false,"_exactmetrics_sitenote_active":false,"_exactmetrics_sitenote_note":"","_exactmetrics_sitenote_category":0,"jnews-multi-image_gallery":[],"jnews_single_post":[],"jnews_primary_category":[],"jnews_social_meta":[],"jnews_review":[],"enable_review":"","type":"","name":"","summary":"","brand":"","sku":"","good":[],"bad":[],"score_override":"","override_value":"","rating":[],"price":[],"jnews_override_counter":[],"jnews_post_split":[],"footnotes":""},"categories":[21],"tags":[],"class_list":["post-8404","post","type-post","status-publish","format-standard","has-post-thumbnail","hentry","category-paro-nacional"],"jetpack_featured_media_url":"https:\/\/atecordoba.org\/wp-content\/uploads\/2020\/05\/logo-nuevochico-e1561581322808.png","_links":{"self":[{"href":"https:\/\/atecordoba.org\/index.php?rest_route=\/wp\/v2\/posts\/8404","targetHints":{"allow":["GET"]}}],"collection":[{"href":"https:\/\/atecordoba.org\/index.php?rest_route=\/wp\/v2\/posts"}],"about":[{"href":"https:\/\/atecordoba.org\/index.php?rest_route=\/wp\/v2\/types\/post"}],"author":[{"embeddable":true,"href":"https:\/\/atecordoba.org\/index.php?rest_route=\/wp\/v2\/users\/1"}],"replies":[{"embeddable":true,"href":"https:\/\/atecordoba.org\/index.php?rest_route=%2Fwp%2Fv2%2Fcomments&post=8404"}],"version-history":[{"count":0,"href":"https:\/\/atecordoba.org\/index.php?rest_route=\/wp\/v2\/posts\/8404\/revisions"}],"wp:featuredmedia":[{"embeddable":true,"href":"https:\/\/atecordoba.org\/index.php?rest_route=\/wp\/v2\/media\/19220"}],"wp:attachment":[{"href":"https:\/\/atecordoba.org\/index.php?rest_route=%2Fwp%2Fv2%2Fmedia&parent=8404"}],"wp:term":[{"taxonomy":"category","embeddable":true,"href":"https:\/\/atecordoba.org\/index.php?rest_route=%2Fwp%2Fv2%2Fcategories&post=8404"},{"taxonomy":"post_tag","embeddable":true,"href":"https:\/\/atecordoba.org\/index.php?rest_route=%2Fwp%2Fv2%2Ftags&post=8404"}],"curies":[{"name":"wp","href":"https:\/\/api.w.org\/{rel}","templated":true}]}}