{"id":8398,"date":"2017-04-18T11:56:30","date_gmt":"2017-04-18T14:56:30","guid":{"rendered":"http:\/\/www.atecordoba.org\/?p=8398"},"modified":"2017-04-18T11:56:30","modified_gmt":"2017-04-18T14:56:30","slug":"paro-nacional-de-ate-por-paritarias-sin-techo","status":"publish","type":"post","link":"https:\/\/atecordoba.org\/?p=8398","title":{"rendered":"Paro nacional de ATE por paritarias sin techo"},"content":{"rendered":"<p><em>Los estatales realizaremos ma\u00f1ana un paro activo por 24 horas en rechazo a la pol\u00edtica econ\u00f3mica del gobierno de Mauricio Macri. Concentramos a las 10 horas en la sede de ATE, Entre R\u00edos 450, para movilizarnos.<\/em><\/p>\n<p style=\"text-align: center;\"><img loading=\"lazy\" decoding=\"async\" class=\"aligncenter size-full wp-image-8400\" src=\"http:\/\/www.atecordoba.org\/wp-content\/uploads\/2017\/04\/afiche-e1492526646382.png\" alt=\"\" width=\"550\" height=\"346\"><\/p>\n<figure id=\"attachment_8399\" aria-describedby=\"caption-attachment-8399\" style=\"width: 389px\" class=\"wp-caption alignright\"><img loading=\"lazy\" decoding=\"async\" class=\"wp-image-8399 size-full\" src=\"http:\/\/www.atecordoba.org\/wp-content\/uploads\/2017\/04\/acta-paro-19-4-e1492526468334.jpeg\" alt=\"\" width=\"389\" height=\"550\"><figcaption id=\"caption-attachment-8399\" class=\"wp-caption-text\"><em>Acta de comunicaci\u00f3n al Ministerio de Trabajo, informando del paro nacional. <\/em><\/figcaption><\/figure>\n<p>La medida de fuerza se realizar\u00e1 a partir de las 0 horas de ma\u00f1ana y es por 24 horas en todo el pa\u00eds. El paro est\u00e1 inscripto en la necesidad de modificar el rumbo de la pol\u00edtica econ\u00f3mica del gobierno y para que el ajuste no lo paguen los trabajadores.<\/p>\n<p>Adem\u00e1s reclamamos, tal como se le notificara al ministro de Modernizaci\u00f3n Andr\u00e9s Ibarra,&nbsp; el adelantamiento de las paritarias nacionales, sin techo salarial y no menor a un 38%, continuar con la pelea por la reincorporaci\u00f3n de los trabajadores injustamente despedidos, terminar con la precarizaci\u00f3n laboral, exigir el Salario M\u00ednimo, Vital y M\u00f3vil para los trabajadores municipales y la equiparaci\u00f3n de las asignaciones familiares. As\u00ed tambi\u00e9n, rechazamos el proyecto para reformular el sistema previsional.<\/p>\n<p>En el orden provincial, ATE rechaza la pauta salarial del gobernador Schiaretti, por insuficiente e inconsulta, situaci\u00f3n que se extiende a la gran mayor\u00eda de los municipios del territorio provincial donde nuestro gremio cuenta con representaci\u00f3n.<\/p>\n<p>Seg\u00fan lo resuelto por la comisi\u00f3n directiva, ma\u00f1ana est\u00e1n convocados los cuerpos org\u00e1nicos y compa\u00f1eros trabajadores para manifestarnos p\u00fablicamente. Nos concentramos a las 10 horas en Entre R\u00edos 450, sede de ATE.<\/p>\n<p>&nbsp;<\/p>\n<p>Mar\u00eda Liliana Salerno<\/p>\n<p>Secretaria General<\/p>\n","protected":false},"excerpt":{"rendered":"<p>Los estatales realizaremos ma\u00f1ana un paro activo por 24 horas en rechazo a la pol\u00edtica econ\u00f3mica del gobierno de Mauricio Macri. Concentramos a las 10 horas en la sede de ATE, Entre R\u00edos 450, para movilizarnos. La medida de fuerza se realizar\u00e1 a partir de las 0 horas de ma\u00f1ana y es por 24 horas [&hellip;]<\/p>\n","protected":false},"author":1,"featured_media":19220,"comment_status":"open","ping_status":"open","sticky":false,"template":"","format":"standard","meta":{"_exactmetrics_skip_tracking":false,"_exactmetrics_sitenote_active":false,"_exactmetrics_sitenote_note":"","_exactmetrics_sitenote_category":0,"jnews-multi-image_gallery":[],"jnews_single_post":[],"jnews_primary_category":[],"jnews_social_meta":[],"jnews_review":[],"enable_review":"","type":"","name":"","summary":"","brand":"","sku":"","good":[],"bad":[],"score_override":"","override_value":"","rating":[],"price":[],"jnews_override_counter":[],"jnews_post_split":[],"footnotes":""},"categories":[21],"tags":[],"class_list":["post-8398","post","type-post","status-publish","format-standard","has-post-thumbnail","hentry","category-paro-nacional"],"jetpack_featured_media_url":"https:\/\/atecordoba.org\/wp-content\/uploads\/2020\/05\/logo-nuevochico-e1561581322808.png","_links":{"self":[{"href":"https:\/\/atecordoba.org\/index.php?rest_route=\/wp\/v2\/posts\/8398","targetHints":{"allow":["GET"]}}],"collection":[{"href":"https:\/\/atecordoba.org\/index.php?rest_route=\/wp\/v2\/posts"}],"about":[{"href":"https:\/\/atecordoba.org\/index.php?rest_route=\/wp\/v2\/types\/post"}],"author":[{"embeddable":true,"href":"https:\/\/atecordoba.org\/index.php?rest_route=\/wp\/v2\/users\/1"}],"replies":[{"embeddable":true,"href":"https:\/\/atecordoba.org\/index.php?rest_route=%2Fwp%2Fv2%2Fcomments&post=8398"}],"version-history":[{"count":0,"href":"https:\/\/atecordoba.org\/index.php?rest_route=\/wp\/v2\/posts\/8398\/revisions"}],"wp:featuredmedia":[{"embeddable":true,"href":"https:\/\/atecordoba.org\/index.php?rest_route=\/wp\/v2\/media\/19220"}],"wp:attachment":[{"href":"https:\/\/atecordoba.org\/index.php?rest_route=%2Fwp%2Fv2%2Fmedia&parent=8398"}],"wp:term":[{"taxonomy":"category","embeddable":true,"href":"https:\/\/atecordoba.org\/index.php?rest_route=%2Fwp%2Fv2%2Fcategories&post=8398"},{"taxonomy":"post_tag","embeddable":true,"href":"https:\/\/atecordoba.org\/index.php?rest_route=%2Fwp%2Fv2%2Ftags&post=8398"}],"curies":[{"name":"wp","href":"https:\/\/api.w.org\/{rel}","templated":true}]}}