{"id":8395,"date":"2017-04-17T16:32:55","date_gmt":"2017-04-17T19:32:55","guid":{"rendered":"http:\/\/www.atecordoba.org\/?p=8395"},"modified":"2017-04-17T16:32:55","modified_gmt":"2017-04-17T19:32:55","slug":"la-sinfonica-de-la-unc-hizo-sentir-una-vez-mas-su-reclamo-de-pase-a-planta","status":"publish","type":"post","link":"https:\/\/atecordoba.org\/?p=8395","title":{"rendered":"La Sinf\u00f3nica de la UNC hizo sentir una vez m\u00e1s su reclamo de pase a planta"},"content":{"rendered":"<p><em>M\u00e1s de 120 m\u00fasicos tocaron por una hora en la avenida Velez Sarsfield el lunes pasado.<\/em><\/p>\n<figure id=\"attachment_8396\" aria-describedby=\"caption-attachment-8396\" style=\"width: 550px\" class=\"wp-caption aligncenter\"><img loading=\"lazy\" decoding=\"async\" class=\"wp-image-8396 size-full\" src=\"http:\/\/www.atecordoba.org\/wp-content\/uploads\/2017\/04\/forto-diario-e1492457244442.jpeg\" alt=\"\" width=\"550\" height=\"337\"><figcaption id=\"caption-attachment-8396\" class=\"wp-caption-text\">M\u00fasicos con sus pecheras gremiales, frente al teatro Libertador San mart\u00edn, tocando obras de m\u00fasica para los transe\u00fantes.<\/figcaption><\/figure>\n<p>El reclamo se realiz\u00f3 el lunes 10 de abril y tuvo gran repercusi\u00f3n por la cantidad de gente que se congreg\u00f3 a disfrutar de la actividad de protesta, donde se ejecutaron 12 obras de concierto.<\/p>\n<p>Decenas de m\u00fasicos e integrantes de orquestas y coros provinciales, municipales y de \u00e1mbito particular se acercaron a solidarizarse con los 68 m\u00fasicos de la UNC, conformando m\u00e1s de 120 artistas que elevaron sus voces y su arte para reclamar que se respete el derecho a la estabilidad laboral de los integrantes de la sinf\u00f3nica universitaria.<\/p>\n<p>En la oportunidad estuvieron presentes el secretario Adjunto de ATE, Luis Barcena, y el Progremial, Francisco Pavan, que alent\u00f3 a los presentes a mantener firme esta lucha justa y digna por los derechos laborales en la casa de estudios. Mientras, para las autoridades universitarias, el organismos es un p\u00e1ramo donde pretenden que no se aplique la ley que rige la actividad de los trabajadores estatales.<\/p>\n<p>Entre los colectivos, coros y orquestas que se acercaron a expresar su apoyo a esta lucha estuvieron la&nbsp;Orquesta Sinf\u00f3nica provincial, la Banda Sinf\u00f3nica provincial, el Coro polifonico provincial, el Ballet municipal, la Banda municipal, el Coro Polif\u00f3nico Municipal, La Pajuerana, el Coro de Psicolog\u00eda, el Coro Polif\u00f3nico de Carlos Paz, la Orquesta Acad\u00e9mica y la Camerata Acad\u00e9mica.<\/p>\n<div class=\"epyt-video-wrapper\"><iframe loading=\"lazy\"  style=\"display: block; margin: 0px auto;\"  id=\"_ytid_52098\"  width=\"480\" height=\"270\"  data-origwidth=\"480\" data-origheight=\"270\" src=\"https:\/\/www.youtube.com\/embed\/7dBvDajMTrM?enablejsapi=1&#038;autoplay=0&#038;cc_load_policy=0&#038;cc_lang_pref=&#038;iv_load_policy=3&#038;loop=0&#038;rel=0&#038;fs=1&#038;playsinline=0&#038;autohide=2&#038;theme=dark&#038;color=red&#038;controls=1&#038;disablekb=0&#038;\" class=\"__youtube_prefs__  epyt-is-override  no-lazyload\" title=\"YouTube player\"  allow=\"fullscreen; accelerometer; autoplay; clipboard-write; encrypted-media; gyroscope; picture-in-picture; web-share\" referrerpolicy=\"strict-origin-when-cross-origin\" allowfullscreen data-no-lazy=\"1\" data-skipgform_ajax_framebjll=\"\"><\/iframe><\/div>\n<p>Tambi\u00e9n presentaron sus adhesiones a trav\u00e9s de un v\u00eddeo Paola Bernal, Bruno Arias, V\u00edctor Pintos y Luc\u00eda Luque, solista de la Sinfon\u00eda de la provincia, entre otros.<\/p>\n<p>&#8220;Estamos muy contentos con la repercusi\u00f3n que tuvo la actividad. Se acerc\u00f3 mucha gente, tuvimos la solidaridad de compa\u00f1eros del Laboratorio de Hemoderivados y la Facultad de Lenguas, y de muchos artistas sensibilizados con nuestra situaci\u00f3n. Los que no acusan recibo son los funcionarios de la UNC que pretenden una orquesta sin m\u00fasicos, e insisten con un proyecto de formaci\u00f3n para extender el sistema de becas. Vamos a seguir acercando la m\u00fasica a la comunidad y haciendo p\u00fablico nuestro reclamo&#8221;, afirm\u00f3 el delegado de ATE, Luciano Maro, que es contrabajista de la formaci\u00f3n.<\/p>\n<p>Si bien la semana anterior se produjo un encuentro con le Vicerrector Ferreyra, hasta el momento las autoridades universitarias no hicieron alguna propuesta que destrabe el conflicto.&nbsp;<\/p>\n<p>&nbsp;<\/p>\n","protected":false},"excerpt":{"rendered":"<p>M\u00e1s de 120 m\u00fasicos tocaron por una hora en la avenida Velez Sarsfield el lunes pasado. El reclamo se realiz\u00f3 el lunes 10 de abril y tuvo gran repercusi\u00f3n por la cantidad de gente que se congreg\u00f3 a disfrutar de la actividad de protesta, donde se ejecutaron 12 obras de concierto. Decenas de m\u00fasicos e [&hellip;]<\/p>\n","protected":false},"author":1,"featured_media":19220,"comment_status":"open","ping_status":"open","sticky":false,"template":"","format":"standard","meta":{"_exactmetrics_skip_tracking":false,"_exactmetrics_sitenote_active":false,"_exactmetrics_sitenote_note":"","_exactmetrics_sitenote_category":0,"jnews-multi-image_gallery":[],"jnews_single_post":[],"jnews_primary_category":[],"jnews_social_meta":[],"jnews_review":[],"enable_review":"","type":"","name":"","summary":"","brand":"","sku":"","good":[],"bad":[],"score_override":"","override_value":"","rating":[],"price":[],"jnews_override_counter":[],"jnews_post_split":[],"footnotes":""},"categories":[18,89],"tags":[],"class_list":["post-8395","post","type-post","status-publish","format-standard","has-post-thumbnail","hentry","category-nacionales","category-unc"],"jetpack_featured_media_url":"https:\/\/atecordoba.org\/wp-content\/uploads\/2020\/05\/logo-nuevochico-e1561581322808.png","_links":{"self":[{"href":"https:\/\/atecordoba.org\/index.php?rest_route=\/wp\/v2\/posts\/8395","targetHints":{"allow":["GET"]}}],"collection":[{"href":"https:\/\/atecordoba.org\/index.php?rest_route=\/wp\/v2\/posts"}],"about":[{"href":"https:\/\/atecordoba.org\/index.php?rest_route=\/wp\/v2\/types\/post"}],"author":[{"embeddable":true,"href":"https:\/\/atecordoba.org\/index.php?rest_route=\/wp\/v2\/users\/1"}],"replies":[{"embeddable":true,"href":"https:\/\/atecordoba.org\/index.php?rest_route=%2Fwp%2Fv2%2Fcomments&post=8395"}],"version-history":[{"count":0,"href":"https:\/\/atecordoba.org\/index.php?rest_route=\/wp\/v2\/posts\/8395\/revisions"}],"wp:featuredmedia":[{"embeddable":true,"href":"https:\/\/atecordoba.org\/index.php?rest_route=\/wp\/v2\/media\/19220"}],"wp:attachment":[{"href":"https:\/\/atecordoba.org\/index.php?rest_route=%2Fwp%2Fv2%2Fmedia&parent=8395"}],"wp:term":[{"taxonomy":"category","embeddable":true,"href":"https:\/\/atecordoba.org\/index.php?rest_route=%2Fwp%2Fv2%2Fcategories&post=8395"},{"taxonomy":"post_tag","embeddable":true,"href":"https:\/\/atecordoba.org\/index.php?rest_route=%2Fwp%2Fv2%2Ftags&post=8395"}],"curies":[{"name":"wp","href":"https:\/\/api.w.org\/{rel}","templated":true}]}}