{"id":8384,"date":"2017-04-12T16:07:22","date_gmt":"2017-04-12T19:07:22","guid":{"rendered":"http:\/\/www.atecordoba.org\/?p=8384"},"modified":"2017-04-12T16:07:22","modified_gmt":"2017-04-12T19:07:22","slug":"plenario-de-nacionales-ratifico-ayer-el-paro-del-19","status":"publish","type":"post","link":"https:\/\/atecordoba.org\/?p=8384","title":{"rendered":"Plenario de nacionales ratific\u00f3 ayer el paro del 19"},"content":{"rendered":"<p><em>Con la participaci\u00f3n de compa\u00f1eros de todos los sectores del Estado nacional, el plenario convocado por el Consejo Directivo Provincial debati\u00f3 la organizaci\u00f3n de la medida de fuerza y analiz\u00f3 los pasos a seguir. Estuvo presente la secretaria de Organizaci\u00f3n de la conducci\u00f3n nacional, Silvia Le\u00f3n.<\/em><\/p>\n<p><img loading=\"lazy\" decoding=\"async\" class=\"aligncenter size-full wp-image-8387\" src=\"http:\/\/www.atecordoba.org\/wp-content\/uploads\/2017\/04\/20170411_110450-1-e1492022732141.jpg\" alt=\"\" width=\"550\" height=\"309\"><\/p>\n<p>En un plenario realizado ayer en la sede del Consejo Directivo Provincial, delegados del Estado nacional en C\u00f3rdoba ratificaron el paro nacional del 19 de abril. Los representantes de los&nbsp;trabajadores resolvieron tambi\u00e9n realizar una movilizaci\u00f3n en C\u00f3rdoba Capital.<\/p>\n<p><img loading=\"lazy\" decoding=\"async\" class=\"aligncenter size-full wp-image-8388\" src=\"http:\/\/www.atecordoba.org\/wp-content\/uploads\/2017\/04\/20170411_122050-e1492022774742.jpg\" alt=\"\" width=\"550\" height=\"136\"><\/p>\n<p>&#8220;Esperamos que la convocatoria pueda ser bien evaluada por los delegados, como corresponde en las asambleas. Vamos con este paro del 19 por la paritaria nacional para tirar abajo ese techo del 17% que se est\u00e1 planteando&#8221;, resumi\u00f3 la secretaria General de ATE C\u00f3rdoba, Mar\u00eda Liliana Salerno. As\u00ed tambi\u00e9n estuvieron&nbsp;<\/p>\n<p><img loading=\"lazy\" decoding=\"async\" class=\"aligncenter size-full wp-image-8389\" src=\"http:\/\/www.atecordoba.org\/wp-content\/uploads\/2017\/04\/20170411_110951-e1492022820627.jpg\" alt=\"\" width=\"550\" height=\"309\"><\/p>\n<p>En tal sentido, la dirigente destac\u00f3 que &#8220;necesitamos una jornada de paro lucha y movilizaci\u00f3n y los nacionales se expresaron contundentemente a favor de realizar la medida de fuerza.&nbsp; De la misma forma, las seccionales del interior podr\u00edan participar de la marcha en la capital provincial&#8221;.<\/p>\n<p>El plenario cont\u00f3 con la participaci\u00f3n de delegados de&nbsp;Fabricaciones Militares, Senasa, Anac, Anses, Trabajadores Civiles, Iosfa, Gendameria, &nbsp;Parques Nacionales, Ministerio de Trabajo, Inti, Ministerio de Desarrollo Social,&nbsp;Pensiones, Cnea, Universidad Nacional de C\u00f3rdoba, Pami y Secretaria de Agricultura Familiar.<img loading=\"lazy\" decoding=\"async\" class=\"aligncenter size-full wp-image-8390\" src=\"http:\/\/www.atecordoba.org\/wp-content\/uploads\/2017\/04\/20170411_111351-e1492022890649.jpg\" alt=\"\" width=\"550\" height=\"309\"><\/p>\n<p>En la oportunidad estuvo presente la secretaria de Organizaci\u00f3n del Consejo Directivo Nacional, Silvia Le\u00f3n. Asimismo participaron el secretario General de la seccional R\u00edo Cuarto, Walter Avalos, y el secretario Gremial de la seccional R\u00edo Tercero, Damian Albornoz.&nbsp;<\/p>\n<p><img loading=\"lazy\" decoding=\"async\" class=\"aligncenter size-full wp-image-8392\" src=\"http:\/\/www.atecordoba.org\/wp-content\/uploads\/2017\/04\/20170411_111014-e1492022997429.jpg\" alt=\"\" width=\"550\" height=\"309\"><\/p>\n<p>Salerno evalu\u00f3 que el plenario &#8220;tuvo un buen resultado. Los compa\u00f1eros quieren discutir la pol\u00edtica nacional del gremio y me parece muy bien, ya que estuvo la compa\u00f1era&nbsp;Silvia Le\u00f3n. Se expuso que nuestro momento ya no pasa s\u00f3lo por lo salarial o los convenios sino por la unidad de los trabajadores en la calle&#8221;.<\/p>\n<p><img loading=\"lazy\" decoding=\"async\" class=\"aligncenter size-full wp-image-8391\" src=\"http:\/\/www.atecordoba.org\/wp-content\/uploads\/2017\/04\/20170411_110741-e1492022954401.jpg\" alt=\"\" width=\"550\" height=\"111\"><\/p>\n<p>En tal sentido, Le\u00f3n, en una entrevista que reproduce ATE C\u00f3rdoba, consider\u00f3 que &#8220;est\u00e1 en debate c\u00f3mo nos organizamos, con que direccionalidad, qu\u00e9 es la unidad. Estos debates son muy buenos pero no nos deben paralizar sino ser una palanca para seguir avanzando. Sabemos tambi\u00e9n que la unidad no es a cualquier costo ni detr\u00e1s de cualquier estrategia pol\u00edtica, sino algo s\u00f3lido que permita un proyecto pol\u00edtico distinto&#8221;.<\/p>\n<p>&nbsp;<\/p>\n","protected":false},"excerpt":{"rendered":"<p>Con la participaci\u00f3n de compa\u00f1eros de todos los sectores del Estado nacional, el plenario convocado por el Consejo Directivo Provincial debati\u00f3 la organizaci\u00f3n de la medida de fuerza y analiz\u00f3 los pasos a seguir. Estuvo presente la secretaria de Organizaci\u00f3n de la conducci\u00f3n nacional, Silvia Le\u00f3n. En un plenario realizado ayer en la sede del [&hellip;]<\/p>\n","protected":false},"author":1,"featured_media":19220,"comment_status":"open","ping_status":"open","sticky":false,"template":"","format":"standard","meta":{"_exactmetrics_skip_tracking":false,"_exactmetrics_sitenote_active":false,"_exactmetrics_sitenote_note":"","_exactmetrics_sitenote_category":0,"jnews-multi-image_gallery":[],"jnews_single_post":[],"jnews_primary_category":[],"jnews_social_meta":[],"jnews_review":[],"enable_review":"","type":"","name":"","summary":"","brand":"","sku":"","good":[],"bad":[],"score_override":"","override_value":"","rating":[],"price":[],"jnews_override_counter":[],"jnews_post_split":[],"footnotes":""},"categories":[18,21],"tags":[],"class_list":["post-8384","post","type-post","status-publish","format-standard","has-post-thumbnail","hentry","category-nacionales","category-paro-nacional"],"jetpack_featured_media_url":"https:\/\/atecordoba.org\/wp-content\/uploads\/2020\/05\/logo-nuevochico-e1561581322808.png","_links":{"self":[{"href":"https:\/\/atecordoba.org\/index.php?rest_route=\/wp\/v2\/posts\/8384","targetHints":{"allow":["GET"]}}],"collection":[{"href":"https:\/\/atecordoba.org\/index.php?rest_route=\/wp\/v2\/posts"}],"about":[{"href":"https:\/\/atecordoba.org\/index.php?rest_route=\/wp\/v2\/types\/post"}],"author":[{"embeddable":true,"href":"https:\/\/atecordoba.org\/index.php?rest_route=\/wp\/v2\/users\/1"}],"replies":[{"embeddable":true,"href":"https:\/\/atecordoba.org\/index.php?rest_route=%2Fwp%2Fv2%2Fcomments&post=8384"}],"version-history":[{"count":0,"href":"https:\/\/atecordoba.org\/index.php?rest_route=\/wp\/v2\/posts\/8384\/revisions"}],"wp:featuredmedia":[{"embeddable":true,"href":"https:\/\/atecordoba.org\/index.php?rest_route=\/wp\/v2\/media\/19220"}],"wp:attachment":[{"href":"https:\/\/atecordoba.org\/index.php?rest_route=%2Fwp%2Fv2%2Fmedia&parent=8384"}],"wp:term":[{"taxonomy":"category","embeddable":true,"href":"https:\/\/atecordoba.org\/index.php?rest_route=%2Fwp%2Fv2%2Fcategories&post=8384"},{"taxonomy":"post_tag","embeddable":true,"href":"https:\/\/atecordoba.org\/index.php?rest_route=%2Fwp%2Fv2%2Ftags&post=8384"}],"curies":[{"name":"wp","href":"https:\/\/api.w.org\/{rel}","templated":true}]}}