{"id":8378,"date":"2017-04-12T16:05:24","date_gmt":"2017-04-12T19:05:24","guid":{"rendered":"http:\/\/www.atecordoba.org\/?p=8378"},"modified":"2017-04-12T16:05:24","modified_gmt":"2017-04-12T19:05:24","slug":"silvia-leon-este-ano-tenemos-que-romper-el-techo-a-las-paritarias","status":"publish","type":"post","link":"https:\/\/atecordoba.org\/?p=8378","title":{"rendered":"Silvia Le\u00f3n: &#8220;Este a\u00f1o tenemos que romper el techo a las paritarias&#8221;"},"content":{"rendered":"<p><em>La secretaria de Organizaci\u00f3n del Consejo Directivo Nacional particip\u00f3 del plenario de delegados del Estado nacional que se realiz\u00f3 ayer en C\u00f3rdoba y dej\u00f3 una serie de definiciones sobre la coyuntura y la estrategia de ATE. <\/em><\/p>\n<figure id=\"attachment_8379\" aria-describedby=\"caption-attachment-8379\" style=\"width: 550px\" class=\"wp-caption aligncenter\"><img loading=\"lazy\" decoding=\"async\" class=\"wp-image-8379 size-full\" src=\"http:\/\/www.atecordoba.org\/wp-content\/uploads\/2017\/04\/silvia-leon-e1492019683220.jpg\" alt=\"\" width=\"550\" height=\"309\"><figcaption id=\"caption-attachment-8379\" class=\"wp-caption-text\">Silvia Le\u00f3n, archivo.<\/figcaption><\/figure>\n<p><strong>\u00bfQu\u00e9 evaluaci\u00f3n hace del plenario?<\/strong><\/p>\n<p>Estoy muy contenta con el Plenario porque se dio un profundo debate sobre el momento que estamos a travesando, por el embate del gobierno nacional y los provinciales sobre los derechos de las trabajadoras y trabajadores. Se abord\u00f3 como profundizar la organizaci\u00f3n en el Estado nacional frente al llamado inminente de la paritaria, que calculamos ser\u00e1 en mayo como todos los a\u00f1os.<\/p>\n<p>Aunque no hay propuestas formales del gobierno, en el marco de las versiones que circulan y la disputa docente, podemos esperar un 17% que establecieron en el presupuesto. Nosotros &nbsp;ya adelantamos que nuestro reclamo no se baja del 25% para el 2017, que es lo que calcula el Indec de inflaci\u00f3n, m\u00e1s la recuperaci\u00f3n de la inflaci\u00f3n del a\u00f1o pasado. En definitiva esto rondo un total del 35% s\u00f3lo para recuperar salario.<\/p>\n<p><strong>\u00bfCu\u00e1l es la estrategia general?<\/strong><\/p>\n<p>Estamos en ese punto del debate pero adem\u00e1s en avanzar en la decisi\u00f3n, que tomamos cuando asumimos como estrat\u00e9gica, de plantear la disputa principal en el Estado nacional con el gobierno de Macri.<\/p>\n<p>Desde que asumimos hemos crecido mucho en afiliaciones; el a\u00f1o pasado la pelea se centr\u00f3 en los despidos y entendemos que este 2017 la pelea fuerte es lograr paritarias sin techo, que rompan el l\u00edmite del 17%. Para eso necesitamos la mayor fortaleza unificada de ATE, que se expresa en la decisi\u00f3n de toda la conducci\u00f3n nacional de dar continuidad al paro nacional del 19 de abril y, adem\u00e1s, avanzar en toda la unidad posible con las organizaciones del campo popular que est\u00e9n dispuestas a dar esta pelea. Tenemos el aliento y el incentivo de todas las grandes luchas que se dieron en marzo.<\/p>\n<p><strong>\u00bfCon el 17% de pauta el objetivo del gobierno de Macri es ir directamente a un horizonte de salarios estatales a la baja?<\/strong><\/p>\n<p>Si, ellos proponen un escenario de salario a la baja pero tambi\u00e9n de limitaci\u00f3n de la posibilidad de organizarse, de elegir delegados. Frente a los 90 mil trabajadores precarizados en el Estado nacional el a\u00f1o pasado dijeron que iban a pasar a planta a 10 mil compa\u00f1eros, a fin de a\u00f1o bajaron esa cifra a 6 mil, ahora hablan de 2600 y todav\u00eda no han llamado a la apertura de los concursos.<\/p>\n<p><img loading=\"lazy\" decoding=\"async\" class=\"aligncenter size-full wp-image-8381\" src=\"http:\/\/www.atecordoba.org\/wp-content\/uploads\/2017\/04\/20170411_110450-e1492019773295.jpg\" alt=\"\" width=\"550\" height=\"309\"><\/p>\n<p>Entonces es mucho chamuyo por un lado, queriendo decir que se avanza con el pase a planta pero en realidad esto no se concreta, y paralelamente siguen cerrando con salarios a la baja, como est\u00e1 pasando en el sectorial de trabajadores civiles de las FF.AA. donde plantean una unidad retributiva que deja al 40% de los trabajadores con menos salario nominal que el que hoy est\u00e1n cobrando. A esto se suma que siguen los despidos, como los 80 del Indec de la semana pasada, mientras contin\u00faan los acuerdos con sindicatos obsecuentes que no responden a las necesidades de los laburantes sino a intereses personales. Esta es la trama.<\/p>\n<p>En ese marco se plantean modificaciones estructurales, como la reforma del Sinep que es la carrera administrativa m\u00e1s grande del Estado nacional, perdiendo derechos que se ganaron con la lucha.<\/p>\n<p>Este es el escenario ante el cual nuestro debate profundo y la acci\u00f3n planificada son la realizaci\u00f3n de asambleas, con plenarios en todas las provincias, con plenarios regionales como el que vamos a hacer el 21 de abril en Mendoza de la regi\u00f3n de Cuyo, para poner en debate la mejor forma de salir a pelear. No se puede repetir el nuevo escenario de la paritaria donde le gobierno cierra con UPCN a espaldas de los laburantes con un porcentaje miserable como el que se plantea en la paritaria docente.<\/p>\n<p>En esta instancia estamos con paritarias abiertas en muchas provincias, con municipios que ni siquiera debaten el aumento salarial para sus trabajadores, as\u00ed que el 19 va a ser una jornada nacional de lucha con paro en todo el pa\u00eds y movilizaciones en todos los lugares donde podamos expresar y seguramente con una movilizaci\u00f3n que aun estamos definiendo en la Capital Federal.<\/p>\n<p><strong>\u00bfDe C\u00f3rdoba que te llevas?<\/strong><\/p>\n<p>Muchas cosas, que hay ganas de pelear, que seguimos creciendo, el reclamo de los compa\u00f1eros sobre la profunda necesidad de debatir, que nosotros interpretamos y por eso realizamos estos encuentros. Y que el 19 la jornada de lucha va a ser important\u00edsima al igual que en el resto de las provincias.<\/p>\n<p><img loading=\"lazy\" decoding=\"async\" class=\"aligncenter wp-image-8382 size-full\" src=\"http:\/\/www.atecordoba.org\/wp-content\/uploads\/2017\/04\/20170411_110649-e1522846849600.jpg\" alt=\"\" width=\"550\" height=\"128\"><\/p>\n<p><strong>\u00bfC\u00f3mo eval\u00faa la conducci\u00f3n nacional el momento que est\u00e1 atravesando el movimiento obrero?<\/strong><\/p>\n<p>El paro de la semana pasada no dej\u00f3 lugar a dudas que hay un descontento generalizado y que lo que falta es organizar la direccionalidad. Cuando hubo organizaci\u00f3n, y la Central de Trabajadores Aut\u00f3noma tuvo un rol, el 19 de diciembre del 2015 salimos a pelear contra el modelo, contra los despidos y la pol\u00edtica de ajuste del gobierno, que fue acompa\u00f1ado por infinidad de organizaciones y marc\u00f3 el inicio de una protesta creciente.<\/p>\n<p>Pero lo necesarios no es s\u00f3lo la resistencia sino tambi\u00e9n la acumulaci\u00f3n a la construcci\u00f3n de un proyecto pol\u00edtico partidario que nos saque de esta falsa disputa entre los modelos pol\u00edticos que vivimos en la actualidad. Hay que construir una propuesta alternativa pol\u00edtico partidaria que permita que todo lo que se acumula tenga una direccionalidad que transforme un horizonte de proyecto de pa\u00eds distinto.<\/p>\n<p>Indudablemente, a pesar de la dureza del momento que enfrentamos por los embates del gobierno nacional y los provinciales, hay una capacidad enorme del pueblo trabajador y de muchas organizaciones sindicales para pelear, resistir y organizarse. En ese sentido creemos que es un momento muy rico.<\/p>\n<p>Por otro lado, el gobierno plantea un escenario de p\u00e9rdida de derechos, con la decisi\u00f3n de avanzar de los grupos econ\u00f3micos para consolidar una estructura de pa\u00eds que representa Macri.<\/p>\n<p>Todo esto es lo que est\u00e1 en debate y lo que se expres\u00f3 en este plenario en C\u00f3rdoba: c\u00f3mo nos organizamos, con que direccionalidad, qu\u00e9 es la unidad. Estos debates son muy buenos pero no nos deben paralizar sino ser una palanca para seguir avanzando. Sabemos tambi\u00e9n que la unidad no es a cualquier costo ni detr\u00e1s de cualquier estrategia pol\u00edtica, sino algo s\u00f3lido que permita un proyecto pol\u00edtico distinto.<\/p>\n","protected":false},"excerpt":{"rendered":"<p>La secretaria de Organizaci\u00f3n del Consejo Directivo Nacional particip\u00f3 del plenario de delegados del Estado nacional que se realiz\u00f3 ayer en C\u00f3rdoba y dej\u00f3 una serie de definiciones sobre la coyuntura y la estrategia de ATE. \u00bfQu\u00e9 evaluaci\u00f3n hace del plenario? Estoy muy contenta con el Plenario porque se dio un profundo debate sobre el [&hellip;]<\/p>\n","protected":false},"author":1,"featured_media":19220,"comment_status":"open","ping_status":"open","sticky":false,"template":"","format":"standard","meta":{"_exactmetrics_skip_tracking":false,"_exactmetrics_sitenote_active":false,"_exactmetrics_sitenote_note":"","_exactmetrics_sitenote_category":0,"jnews-multi-image_gallery":[],"jnews_single_post":[],"jnews_primary_category":[],"jnews_social_meta":[],"jnews_review":[],"enable_review":"","type":"","name":"","summary":"","brand":"","sku":"","good":[],"bad":[],"score_override":"","override_value":"","rating":[],"price":[],"jnews_override_counter":[],"jnews_post_split":[],"footnotes":""},"categories":[18,21],"tags":[],"class_list":["post-8378","post","type-post","status-publish","format-standard","has-post-thumbnail","hentry","category-nacionales","category-paro-nacional"],"jetpack_featured_media_url":"https:\/\/atecordoba.org\/wp-content\/uploads\/2020\/05\/logo-nuevochico-e1561581322808.png","_links":{"self":[{"href":"https:\/\/atecordoba.org\/index.php?rest_route=\/wp\/v2\/posts\/8378","targetHints":{"allow":["GET"]}}],"collection":[{"href":"https:\/\/atecordoba.org\/index.php?rest_route=\/wp\/v2\/posts"}],"about":[{"href":"https:\/\/atecordoba.org\/index.php?rest_route=\/wp\/v2\/types\/post"}],"author":[{"embeddable":true,"href":"https:\/\/atecordoba.org\/index.php?rest_route=\/wp\/v2\/users\/1"}],"replies":[{"embeddable":true,"href":"https:\/\/atecordoba.org\/index.php?rest_route=%2Fwp%2Fv2%2Fcomments&post=8378"}],"version-history":[{"count":0,"href":"https:\/\/atecordoba.org\/index.php?rest_route=\/wp\/v2\/posts\/8378\/revisions"}],"wp:featuredmedia":[{"embeddable":true,"href":"https:\/\/atecordoba.org\/index.php?rest_route=\/wp\/v2\/media\/19220"}],"wp:attachment":[{"href":"https:\/\/atecordoba.org\/index.php?rest_route=%2Fwp%2Fv2%2Fmedia&parent=8378"}],"wp:term":[{"taxonomy":"category","embeddable":true,"href":"https:\/\/atecordoba.org\/index.php?rest_route=%2Fwp%2Fv2%2Fcategories&post=8378"},{"taxonomy":"post_tag","embeddable":true,"href":"https:\/\/atecordoba.org\/index.php?rest_route=%2Fwp%2Fv2%2Ftags&post=8378"}],"curies":[{"name":"wp","href":"https:\/\/api.w.org\/{rel}","templated":true}]}}