{"id":8375,"date":"2017-04-10T16:27:38","date_gmt":"2017-04-10T19:27:38","guid":{"rendered":"http:\/\/www.atecordoba.org\/?p=8375"},"modified":"2017-04-10T16:27:38","modified_gmt":"2017-04-10T19:27:38","slug":"repudio-a-la-represion-policial-a-los-docentes","status":"publish","type":"post","link":"https:\/\/atecordoba.org\/?p=8375","title":{"rendered":"Repudio a la represi\u00f3n policial a los docentes"},"content":{"rendered":"<p><em>El Consejo Directivo Provincial de ATE C\u00f3rdoba&nbsp;repudia el accionar policial contra los trabajadores docentes que llevan adelante su protesta contra la pol\u00edtica educativa del gobierno nacional.<\/em><\/p>\n<p><img loading=\"lazy\" decoding=\"async\" class=\"aligncenter size-full wp-image-8376\" src=\"http:\/\/www.atecordoba.org\/wp-content\/uploads\/2017\/04\/represion_docentes-e1491844941146.jpg\" alt=\"\" width=\"550\" height=\"333\"><\/p>\n<p>Como ya lo hiciera nuestra conducci\u00f3n nacional, desde C\u00f3rdoba nos solidarizamos con la lucha en defensa del salario y por sus condiciones de trabajo que sostienen los docentes de nuestro pa\u00eds y exigimos la inmediata reapertura de la paritaria nacional de este sector.<\/p>\n<p>\u201cEl derecho a huelga y a manifestarse por toda acci\u00f3n reivindicatoria es un derecho que est\u00e1 expresamente escrito en nuestra Constituci\u00f3n Nacional\u201d, se\u00f1al\u00f3 nuestro&nbsp;CDN exigiendo \u201cel fin de la represi\u00f3n a qui\u00e9nes sostienen la protesta social y el fin de pol\u00edticas de ajuste que se imparte hacia los trabajadores\u201d.<\/p>\n<p>Al negar el derecho a la protesta, el gobierno nacional expresa su car\u00e1cter autoritario, extra\u00f1o a nuestra identidad como naci\u00f3n, donde la tolerancia de las manifestaciones han sido la regla en nuestra vida democr\u00e1tica, y las represiones una excepci\u00f3n que reclamamos no se instale como metodolog\u00eda habitual.<\/p>\n<p>En tal sentido, respaldamos la lucha docente, como lo hici\u00e9ramos en C\u00f3rdoba durante las \u00faltimas movilizaciones, y afirmamos nuestra voluntad de mantener ese compromiso para las luchas que vengan.<\/p>\n<p>&nbsp;<\/p>\n","protected":false},"excerpt":{"rendered":"<p>El Consejo Directivo Provincial de ATE C\u00f3rdoba&nbsp;repudia el accionar policial contra los trabajadores docentes que llevan adelante su protesta contra la pol\u00edtica educativa del gobierno nacional. Como ya lo hiciera nuestra conducci\u00f3n nacional, desde C\u00f3rdoba nos solidarizamos con la lucha en defensa del salario y por sus condiciones de trabajo que sostienen los docentes de [&hellip;]<\/p>\n","protected":false},"author":1,"featured_media":19220,"comment_status":"open","ping_status":"open","sticky":false,"template":"","format":"standard","meta":{"_exactmetrics_skip_tracking":false,"_exactmetrics_sitenote_active":false,"_exactmetrics_sitenote_note":"","_exactmetrics_sitenote_category":0,"jnews-multi-image_gallery":[],"jnews_single_post":[],"jnews_primary_category":[],"jnews_social_meta":[],"jnews_review":[],"enable_review":"","type":"","name":"","summary":"","brand":"","sku":"","good":[],"bad":[],"score_override":"","override_value":"","rating":[],"price":[],"jnews_override_counter":[],"jnews_post_split":[],"footnotes":""},"categories":[10],"tags":[],"class_list":["post-8375","post","type-post","status-publish","format-standard","has-post-thumbnail","hentry","category-accion-politica"],"jetpack_featured_media_url":"https:\/\/atecordoba.org\/wp-content\/uploads\/2020\/05\/logo-nuevochico-e1561581322808.png","_links":{"self":[{"href":"https:\/\/atecordoba.org\/index.php?rest_route=\/wp\/v2\/posts\/8375","targetHints":{"allow":["GET"]}}],"collection":[{"href":"https:\/\/atecordoba.org\/index.php?rest_route=\/wp\/v2\/posts"}],"about":[{"href":"https:\/\/atecordoba.org\/index.php?rest_route=\/wp\/v2\/types\/post"}],"author":[{"embeddable":true,"href":"https:\/\/atecordoba.org\/index.php?rest_route=\/wp\/v2\/users\/1"}],"replies":[{"embeddable":true,"href":"https:\/\/atecordoba.org\/index.php?rest_route=%2Fwp%2Fv2%2Fcomments&post=8375"}],"version-history":[{"count":0,"href":"https:\/\/atecordoba.org\/index.php?rest_route=\/wp\/v2\/posts\/8375\/revisions"}],"wp:featuredmedia":[{"embeddable":true,"href":"https:\/\/atecordoba.org\/index.php?rest_route=\/wp\/v2\/media\/19220"}],"wp:attachment":[{"href":"https:\/\/atecordoba.org\/index.php?rest_route=%2Fwp%2Fv2%2Fmedia&parent=8375"}],"wp:term":[{"taxonomy":"category","embeddable":true,"href":"https:\/\/atecordoba.org\/index.php?rest_route=%2Fwp%2Fv2%2Fcategories&post=8375"},{"taxonomy":"post_tag","embeddable":true,"href":"https:\/\/atecordoba.org\/index.php?rest_route=%2Fwp%2Fv2%2Ftags&post=8375"}],"curies":[{"name":"wp","href":"https:\/\/api.w.org\/{rel}","templated":true}]}}