{"id":8370,"date":"2017-04-07T16:49:15","date_gmt":"2017-04-07T19:49:15","guid":{"rendered":"http:\/\/www.atecordoba.org\/?p=8370"},"modified":"2017-04-07T16:49:15","modified_gmt":"2017-04-07T19:49:15","slug":"sentencia-reinstala-de-formka-definitiva-a-un-delegado-municipal-de-unquillo","status":"publish","type":"post","link":"https:\/\/atecordoba.org\/?p=8370","title":{"rendered":"Sentencia reinstala de forma definitiva a un delegado municipal de Unquillo"},"content":{"rendered":"<p><em>Un juez de conciliaci\u00f3n cerr\u00f3 la controversia con la Municipalidad y confirm\u00f3 al compa\u00f1ero Antonio Aredes en su lugar de trabajo, tras la cautelar del a\u00f1o pasado.<\/em><\/p>\n<p><img loading=\"lazy\" decoding=\"async\" class=\"aligncenter size-full wp-image-8372\" src=\"http:\/\/www.atecordoba.org\/wp-content\/uploads\/2017\/04\/DSC_0026-e1491593905119.jpg\" alt=\"\" width=\"309\" height=\"550\"><\/p>\n<p>Aredes integra la Junta Interna de Delegados del municipio y result\u00f3 despedido en diciembre de 2015 cuando asumi\u00f3 el intendente Jorge Fabrissin, junto a otros cinco delegados.<\/p>\n<p>Ahora la justicia resolvi\u00f3 que el intendente Fabrissin actu\u00f3 de manera ilegal y le orden\u00f3 que respete la tutela sindical.<\/p>\n<p>El juez primera instancia conciliaci\u00f3n 6ta, Carlos Eduardo Moroni ,entendi\u00f3 que la intendente realiz\u00f3 una pr\u00e1ctica persecutoria y antisindical, que se choca con la legislaci\u00f3n protectora de la actividad sindical de los trabajadores, las Constituci\u00f3n Nacional, la Constituci\u00f3n Provincial y los tratados internacionales que Argentina suscribi\u00f3 en su momento y adhiere, como ser la normativa de la OIT sobre libertad y democracia sindical.&nbsp;<\/p>\n<p>Resta aun que la Justicia se expida sobre otros tres compa\u00f1eros delegados que se encuentran reinstalados de manera cautelar despu\u00e9s de sufrir la persecuci\u00f3n del intendente. &#8220;Fabrissin no dejo derecho laboral laboral y sindical sin vulnerar. Afortunadamente&nbsp;se impuso la raz\u00f3n y la leyes que defienden a los delegados sindicales&#8221;, resumi\u00f3 la abogada Mar\u00eda Terragno, que junto a Eugenio Biafore llevaron adelante el reclamo judicial e integran el equipo jur\u00eddico de ATE.<\/p>\n<p>Aredes es hijo de Charo Aredes, obrera del frigor\u00edfico Estancias del Sur, que fue desaparecida durante la dictadura por su actividad sindical y pol\u00edtica. Su caso su esclarecido recientemente durante el megajuicio de La Perla. Durante la dictadura Fabrissin, intendente de Uni\u00f3n por C\u00f3rdoba, fue secretario de Gobierno de la intervenci\u00f3n militar en la municipalidad de Unquillo.&nbsp;<\/p>\n","protected":false},"excerpt":{"rendered":"<p>Un juez de conciliaci\u00f3n cerr\u00f3 la controversia con la Municipalidad y confirm\u00f3 al compa\u00f1ero Antonio Aredes en su lugar de trabajo, tras la cautelar del a\u00f1o pasado. Aredes integra la Junta Interna de Delegados del municipio y result\u00f3 despedido en diciembre de 2015 cuando asumi\u00f3 el intendente Jorge Fabrissin, junto a otros cinco delegados. Ahora [&hellip;]<\/p>\n","protected":false},"author":1,"featured_media":19220,"comment_status":"open","ping_status":"open","sticky":false,"template":"","format":"standard","meta":{"_exactmetrics_skip_tracking":false,"_exactmetrics_sitenote_active":false,"_exactmetrics_sitenote_note":"","_exactmetrics_sitenote_category":0,"jnews-multi-image_gallery":[],"jnews_single_post":[],"jnews_primary_category":[],"jnews_social_meta":[],"jnews_review":[],"enable_review":"","type":"","name":"","summary":"","brand":"","sku":"","good":[],"bad":[],"score_override":"","override_value":"","rating":[],"price":[],"jnews_override_counter":[],"jnews_post_split":[],"footnotes":""},"categories":[20],"tags":[],"class_list":["post-8370","post","type-post","status-publish","format-standard","has-post-thumbnail","hentry","category-municipales"],"jetpack_featured_media_url":"https:\/\/atecordoba.org\/wp-content\/uploads\/2020\/05\/logo-nuevochico-e1561581322808.png","_links":{"self":[{"href":"https:\/\/atecordoba.org\/index.php?rest_route=\/wp\/v2\/posts\/8370","targetHints":{"allow":["GET"]}}],"collection":[{"href":"https:\/\/atecordoba.org\/index.php?rest_route=\/wp\/v2\/posts"}],"about":[{"href":"https:\/\/atecordoba.org\/index.php?rest_route=\/wp\/v2\/types\/post"}],"author":[{"embeddable":true,"href":"https:\/\/atecordoba.org\/index.php?rest_route=\/wp\/v2\/users\/1"}],"replies":[{"embeddable":true,"href":"https:\/\/atecordoba.org\/index.php?rest_route=%2Fwp%2Fv2%2Fcomments&post=8370"}],"version-history":[{"count":0,"href":"https:\/\/atecordoba.org\/index.php?rest_route=\/wp\/v2\/posts\/8370\/revisions"}],"wp:featuredmedia":[{"embeddable":true,"href":"https:\/\/atecordoba.org\/index.php?rest_route=\/wp\/v2\/media\/19220"}],"wp:attachment":[{"href":"https:\/\/atecordoba.org\/index.php?rest_route=%2Fwp%2Fv2%2Fmedia&parent=8370"}],"wp:term":[{"taxonomy":"category","embeddable":true,"href":"https:\/\/atecordoba.org\/index.php?rest_route=%2Fwp%2Fv2%2Fcategories&post=8370"},{"taxonomy":"post_tag","embeddable":true,"href":"https:\/\/atecordoba.org\/index.php?rest_route=%2Fwp%2Fv2%2Ftags&post=8370"}],"curies":[{"name":"wp","href":"https:\/\/api.w.org\/{rel}","templated":true}]}}