{"id":8349,"date":"2017-04-07T14:19:18","date_gmt":"2017-04-07T17:19:18","guid":{"rendered":"http:\/\/www.atecordoba.org\/?p=8349"},"modified":"2017-04-07T14:19:18","modified_gmt":"2017-04-07T17:19:18","slug":"contundente-paro-nacional-se-corono-con-marchas-en-toda-la-provincia","status":"publish","type":"post","link":"https:\/\/atecordoba.org\/?p=8349","title":{"rendered":"Contundente paro nacional se coron\u00f3 con marchas en toda la provincia"},"content":{"rendered":"<p><em>El Consejo Directivo Provincial se moviliz\u00f3 junto a la CGT Rodr\u00edguez Pe\u00f1a por el centro de C\u00f3rdoba. Acciones conjuntas de las tres seccionales en el interior. Gran acto en la ciudad de Buenos Aires.<\/em><\/p>\n<p><img loading=\"lazy\" decoding=\"async\" class=\"aligncenter size-full wp-image-8362\" src=\"http:\/\/www.atecordoba.org\/wp-content\/uploads\/2017\/04\/WhatsApp-Image-2017-04-07-at-13.56.07-e1491584721163.jpeg\" alt=\"\" width=\"550\" height=\"330\"><\/p>\n<p>&nbsp;<\/p>\n<p>&#8220;Si los trabajadores perdemos la calle tambi\u00e9n perdemos nuestra dignidad&#8221;, grit\u00f3 la secretaria General de ATE Mar\u00eda Liliana Salerno en el palco montado por la CGT en el centro de C\u00f3rdoba, donde concluy\u00f3 la movilizaci\u00f3n por el paro nacional realizado ayer. Los trabajadores de los gremios presentes rompieron en un aplauso cerrado.<\/p>\n<div class=\"epyt-video-wrapper\"><iframe loading=\"lazy\"  style=\"display: block; margin: 0px auto;\"  id=\"_ytid_77704\"  width=\"480\" height=\"270\"  data-origwidth=\"480\" data-origheight=\"270\" src=\"https:\/\/www.youtube.com\/embed\/MR3HoNoPe3c?enablejsapi=1&#038;autoplay=0&#038;cc_load_policy=0&#038;cc_lang_pref=&#038;iv_load_policy=3&#038;loop=0&#038;rel=0&#038;fs=1&#038;playsinline=0&#038;autohide=2&#038;theme=dark&#038;color=red&#038;controls=1&#038;disablekb=0&#038;\" class=\"__youtube_prefs__  epyt-is-override  no-lazyload\" title=\"YouTube player\"  allow=\"fullscreen; accelerometer; autoplay; clipboard-write; encrypted-media; gyroscope; picture-in-picture; web-share\" referrerpolicy=\"strict-origin-when-cross-origin\" allowfullscreen data-no-lazy=\"1\" data-skipgform_ajax_framebjll=\"\"><\/iframe><\/div>\n<p>Fue la culminaci\u00f3n de un acto de unidad en la acci\u00f3n con la facci\u00f3n de la CGT Rodr\u00edguez Pe\u00f1a que convoc\u00f3 a movilizarse en horas de la ma\u00f1ana. El paro activo decretado por ATE y la CTA en todo el pa\u00eds confluy\u00f3 as\u00ed con la central sindical.<\/p>\n<p>El paro se sinti\u00f3 en todos los niveles del Estado: pararon los aeropuertos, Anses y las f\u00e1bricas militares, entre otros organismos y sectores de trabajo.<\/p>\n<p>La columna conformada por la comisi\u00f3n directiva y los cuerpos org\u00e1nicos de nuestro gremio estuvo encabezada por Salerno que, posteriormente fue invitada al palco para transmitir el mensaje de ATE a los compa\u00f1eros movilizados.&nbsp;<\/p>\n<p><img loading=\"lazy\" decoding=\"async\" class=\"aligncenter size-full wp-image-8352\" src=\"http:\/\/www.atecordoba.org\/wp-content\/uploads\/2017\/04\/palco-e1491583906217.jpeg\" alt=\"\" width=\"550\" height=\"309\"><\/p>\n<p>&#8220;Venimos en defensa de los puestos de trabajo, venimos a defender nuestro salario y por sobre todas las cosas a exigirle a este gobierno que cambie el rumbo en lo econ\u00f3mico, que deje de aplicar este ajuste feroz y que termine con que los trabajadores del Estado somos \u00f1oquis porque no es cierto compa\u00f1eros&#8221;, comenz\u00f3 la dirigente.<\/p>\n<p><img loading=\"lazy\" decoding=\"async\" class=\"aligncenter size-full wp-image-8363\" src=\"http:\/\/www.atecordoba.org\/wp-content\/uploads\/2017\/04\/salerno-e1491584764759.jpeg\" alt=\"\" width=\"550\" height=\"309\"><\/p>\n<p>Y agreg\u00f3: &#8220;hoy, desde esta misma unidad que sobrepasa a las organizaciones gremiales porque los trabajadores ya nos piden que definitivamente tengamos un rumbo y un plan de lucha unificado entre todas las centrales y de los gremios&#8221;.<\/p>\n<p><img loading=\"lazy\" decoding=\"async\" class=\"aligncenter size-full wp-image-8364\" src=\"http:\/\/www.atecordoba.org\/wp-content\/uploads\/2017\/04\/WhatsApp-Image-2017-04-06-at-13.01.53-e1491584798932.jpeg\" alt=\"\" width=\"550\" height=\"330\"><\/p>\n<p>&#8220;Por lo tanto, prosigui\u00f3 Salerno, nuestras seccionales del interior provincial \u2013R\u00edo Cuarto, R\u00edo Tercero y Villa mar\u00eda- en este momento est\u00e1n marchando en unidad con el resto de los gremios. No somos golpistas ni destituyentes, pero somos defensores de nuestro lugar y no vamos a ceder en lo que nos corresponde&#8221;.<\/p>\n<p><img loading=\"lazy\" decoding=\"async\" class=\"aligncenter size-full wp-image-8351\" src=\"http:\/\/www.atecordoba.org\/wp-content\/uploads\/2017\/04\/WhatsApp-Image-2017-04-06-at-13.01.58-e1491583750504.jpeg\" alt=\"\" width=\"550\" height=\"330\"><\/p>\n<p>Finalmente la secretaria General de ATE convoc\u00f3 a manifestarse el pr\u00f3ximo 19 de abril, fecha cuando ATE tiene programado un paro general de estatales en todo el pa\u00eds y repudi\u00f3 la represi\u00f3n que el gobierno nacional orden\u00f3 sobre manifestantes en distintos puntos donde hubieron manifestaciones en capital federal y el conurbano bonaerense.<\/p>\n<p><strong>Seccionales<\/strong><\/p>\n<p>A su vez, las seccionales del interior provincial realizaron sus propias movilizaciones conforme la d\u00edn\u00e1mica del conflicto que vienen asumiendo y la organizaci\u00f3n de las mesas sindicales de cada regi\u00f3n.<\/p>\n<p><img loading=\"lazy\" decoding=\"async\" class=\"aligncenter size-full wp-image-8354\" src=\"http:\/\/www.atecordoba.org\/wp-content\/uploads\/2017\/04\/17814626_277770222634246_2453535965985877424_o-e1491584101340.jpg\" alt=\"\" width=\"550\" height=\"309\"><\/p>\n<p>R\u00edo Tercero march\u00f3 junto a la las organizaciones que de la Mesa Sindical de la zona.&nbsp;El secretario General de la seccional Cristian Colman destac\u00f3 la contundencia de la medida dispuesta por ATE en la F\u00e1brica Militar y reclam\u00f3 que se detengan los despidos, las suspensiones, como as\u00ed tambi\u00e9n la precarizaci\u00f3n laboral, se\u00f1alando que el ajuste no debe recaer en los sectores &nbsp;del trabajo. En tanto, el secretario Gremial Damian Albornoz indic\u00f3 que el Gobierno Nacional contin\u00faa realizando anuncios en torno a la F\u00e1brica Militar que no se traducen en hechos concretos.<\/p>\n<p><img loading=\"lazy\" decoding=\"async\" class=\"aligncenter size-full wp-image-8355\" src=\"http:\/\/www.atecordoba.org\/wp-content\/uploads\/2017\/04\/albornoz-e1491584324607.jpg\" alt=\"\" width=\"550\" height=\"309\"><\/p>\n<p>La seccional&nbsp;Villa Mar\u00eda&nbsp;se concentr\u00f3 en la plaza Centenario. La concurrencia fue numerosa y la tranquilidad rein\u00f3 en el lugar. Una muestra de ello es que la mayor\u00eda de los comercios estaban abiertos mientras la movilizaci\u00f3n se realizaba. Dos cuadras llenas de gente, lo que hace unas dos mil personas aproximadamente, acudieron a la cita convocada por la CGT y a la que adhiri\u00f3 la CTA.<\/p>\n<p><img loading=\"lazy\" decoding=\"async\" class=\"aligncenter size-full wp-image-8356\" src=\"http:\/\/www.atecordoba.org\/wp-content\/uploads\/2017\/04\/WhatsApp-Image-2017-04-07-at-09.51.11-e1491584372511.jpeg\" alt=\"\" width=\"550\" height=\"367\"><\/p>\n<p>Llegados a la plaza, marcharon dando una vuelta a la misma y luego tuvo lugar el acto mencionado. All\u00ed tomaron la palabra dirigentes como Carlos Andrada de Uepc, Fernando Mercado Secretario General de Ate Villa Maria , quien le contest\u00f3 al presidente Mauricio Macri diciendo que \u201cno somos mafias, son trabajadores\u201d. tambien&nbsp; agreg\u00f3 que este gobierno \u201cdisfraz\u00f3\u201d su plan con anuncios y \u201cperjudic\u00f3\u201d a los trabajadores.<\/p>\n<p><img loading=\"lazy\" decoding=\"async\" class=\"aligncenter size-full wp-image-8357\" src=\"http:\/\/www.atecordoba.org\/wp-content\/uploads\/2017\/04\/pocho-e1491584406284.jpeg\" alt=\"\" width=\"550\" height=\"367\"><\/p>\n<p>\u201cSiempre que las pol\u00edticas neoliberales quisieron avanzar sobre derechos y conquistas, fueron las bases movilizadas las que dieron pelea\u201d.<\/p>\n<p><img loading=\"lazy\" decoding=\"async\" class=\"aligncenter size-full wp-image-8358\" src=\"http:\/\/www.atecordoba.org\/wp-content\/uploads\/2017\/04\/WhatsApp-Image-2017-04-07-at-09.51.12-e1491584451139.jpeg\" alt=\"\" width=\"550\" height=\"367\"><\/p>\n<p>Tambi\u00e9n se dirigi\u00f3 a la concurrencia Jose Gorozo, titular de CTA , que sostuvo que \u201cmuchos no pararon por miedo a los despidos\u201d y cit\u00f3 para ello el caso del docente Mat\u00edas Malfante, despedido del Instituto del Rosario presuntamente por adherir a las medidas de fuerza, quien particip\u00f3 tambi\u00e9n de la convocatoria. fuentes confirmaron que la escuela no invoc\u00f3 causal alguna para adoptar la decisi\u00f3n. Malfante la vincul\u00f3 estrictamente a sus convicciones pol\u00edticas.<\/p>\n<p><img loading=\"lazy\" decoding=\"async\" class=\"aligncenter size-full wp-image-8353\" src=\"http:\/\/www.atecordoba.org\/wp-content\/uploads\/2017\/04\/17834001_1347187111993477_2713520715855289103_o-e1491584000641.jpg\" alt=\"\" width=\"550\" height=\"366\"><\/p>\n<p>Por \u00faltimo,&nbsp;R\u00edo Cuarto realiz\u00f3 una radio abierta&nbsp;en la Plaza Central de la ciudad. Confluyeron diferentes organizaciones y se decidi\u00f3 marchar al Concejo Deliberante, la columna&nbsp;estuvo encabezada por ATE y CTA-A.&nbsp;<br \/>\nEn la oportunidad Walter Avalos Secretario General de ATE R\u00edo Cuarto, expres\u00f3 que &#8220;teniendo en cuenta que en el marco del paro nacional el Concejo Deliberante sesion\u00f3,- lo cual repudiamos- y votaron un ajuste en este contexto. Responsabilizamos al gobierno municipal y a todos los ediles que dieron qu\u00f3rom en la sesi\u00f3n para que se votara un ajuste&#8221;.<\/p>\n<p><img loading=\"lazy\" decoding=\"async\" class=\"aligncenter size-full wp-image-8359\" src=\"http:\/\/www.atecordoba.org\/wp-content\/uploads\/2017\/04\/avalos-e1491584503515.jpg\" alt=\"\" width=\"550\" height=\"366\"><\/p>\n<p><strong>Conducci\u00f3n nacional<\/strong><\/p>\n<p><span class=\"\">Desde la primera hora del d\u00eda, miembros de la Conducci\u00f3n Nacional de ATE, junto a la CTA Aut\u00f3noma, ATE provincia de Buenos Aires y numerosas Juntas internas de la Capital Federal se apostaron en el Puente Pueyrred\u00f3n para exigir un cambio en el modelo econ\u00f3mico de la administraci\u00f3n macrista.<\/span><\/p>\n<div class=\"epyt-video-wrapper\"><iframe loading=\"lazy\"  style=\"display: block; margin: 0px auto;\"  id=\"_ytid_44435\"  width=\"480\" height=\"270\"  data-origwidth=\"480\" data-origheight=\"270\" src=\"https:\/\/www.youtube.com\/embed\/hYpmCnutxd0?enablejsapi=1&#038;autoplay=0&#038;cc_load_policy=0&#038;cc_lang_pref=&#038;iv_load_policy=3&#038;loop=0&#038;rel=0&#038;fs=1&#038;playsinline=0&#038;autohide=2&#038;theme=dark&#038;color=red&#038;controls=1&#038;disablekb=0&#038;\" class=\"__youtube_prefs__  epyt-is-override  no-lazyload\" title=\"YouTube player\"  allow=\"fullscreen; accelerometer; autoplay; clipboard-write; encrypted-media; gyroscope; picture-in-picture; web-share\" referrerpolicy=\"strict-origin-when-cross-origin\" allowfullscreen data-no-lazy=\"1\" data-skipgform_ajax_framebjll=\"\"><\/iframe><\/div>\n<p class=\"texto\"><span class=\"\">Junto a decenas de organizaciones sociales y partidarias, ante un fuerte operativo policial, miles de trabajadores permanecieron toda la ma\u00f1ana en uno de los tantos cortes que se fueron sucediendo sobre todos los accesos a la capital.<\/span><\/p>\n<p class=\"texto\"><span class=\"\">Ante la prensa, Hugo \u201cCachorro\u201d Godoy, Secretario General de ATE nacional se\u00f1al\u00f3 que \u201ctenemos que estar muy orgulloso de nuestro pueblo trabajador porque hoy ha sido una jornada contundente y que el gobierno no puede deso\u00edr\u201d. En ese tono, agreg\u00f3 que \u201cno alcanza con actitudes represivas como sucedi\u00f3 en la Panamericana porque todos los actos fueron pac\u00edficos y el acto mayor fue sin duda la masiva ausencia en los lugares de trabajo para expresar el reclamo de que el gobierno cambie su pol\u00edtica econ\u00f3mica\u201d.<\/span><\/p>\n<p class=\"texto\"><img loading=\"lazy\" decoding=\"async\" class=\"aligncenter size-full wp-image-8360\" src=\"http:\/\/www.atecordoba.org\/wp-content\/uploads\/2017\/04\/mesa-nacional-e1491584625359.jpg\" alt=\"\" width=\"550\" height=\"367\"><\/p>\n<p class=\"texto\"><span class=\"\">\u201cEsperemos que el gobierno d\u00e9 cuenta de este mensaje y modifique sus pol\u00edticas, si no, nos obligar\u00e1 a seguir expresando nuestro reclamo. Desde ATE hemos solicitado al gobierno que se adelante la discusi\u00f3n paritaria y si no tenemos una respuesta favorable el 19 de abril haremos un Paro Nacional de trabajadores estatales\u201d.<\/span><\/p>\n<p class=\"texto\"><span class=\"\">A media ma\u00f1ana, con una fuerte presencia de seccionales de la provincia de Buenos Aires, ATE y la CTA realizaron un acto donde se expresaron todos los reclamos al gobierno nacional. &nbsp;<\/span><\/p>\n<p class=\"texto\"><span class=\"\">Para el Secretario General de ATE y la CTA Aut\u00f3noma de la provincia de Buenos Aires, Oscar de Isasi, \u201cel desaf\u00edo que asumimos de generar actos en todo el territorio bonaerense, es la construcci\u00f3n de los que luchan m\u00e1s all\u00e1 de los debates. Es la voluntad colectiva de no resignarnos a que nos maten los sue\u00f1os\u201d.<\/span><\/p>\n<p class=\"texto\"><img loading=\"lazy\" decoding=\"async\" class=\"aligncenter size-full wp-image-8361\" src=\"http:\/\/www.atecordoba.org\/wp-content\/uploads\/2017\/04\/nacional-e1491584663618.jpg\" alt=\"\" width=\"550\" height=\"367\"><\/p>\n<p class=\"texto\"><span class=\"\">\u201cHoy paramos contra un modelo econ\u00f3mico de exclusi\u00f3n, que nos empobrece y que aumenta la desocupaci\u00f3n. Estamos ac\u00e1 por la defensa del salario, la defensa de la fuente laboral, la estabilidad laboral, un estado al servicio de las mayor\u00edas populares, un estado que proteja a las econom\u00edas regionales, que priorice al peque\u00f1o y mediano productor&#8221;, agreg\u00f3.<\/span><\/p>\n<p class=\"texto\"><span class=\"\">Finalmente, Ricardo Peidr\u00f3, Secretario General Adjunto de la CTA Aut\u00f3noma sostuvo que \u201choy es otra jornada hist\u00f3rica de la clase trabajadora de nuestro pueblo y de nuestra central, que lejos de quedarse amedrentada ante las amenazas y los discursos sobre que no hab\u00eda que movilizar, nosotros planteamos, como lo venimos diciendo desde hace muchos a\u00f1os que paramos y movilizamos sin que nadie nos de \u00f3rdenes, a nosotros las \u00f3rdenes nos las dan las asambleas y los plenarios de cada lugar de trabajo\u201d.<\/span><\/p>\n<p class=\"texto\"><span class=\"\">Y cerr\u00f3 remarcando que \u201ccon la represi\u00f3n pretenden que nos quedemos callados y encerrados para que tengan el campo limpio para aplicar sus pol\u00edticas de ajuste. Pero m\u00e1s nos llama la atenci\u00f3n que saquen cartelitos que digan que la CTA Aut\u00f3noma hoy no se movilizaba: de todos lados se vuelve menos de la carnereada y de inhabilitar a los trabajadores que se movilicen\u201d.<\/span><\/p>\n<p class=\"texto\">&nbsp;<\/p>\n","protected":false},"excerpt":{"rendered":"<p>El Consejo Directivo Provincial se moviliz\u00f3 junto a la CGT Rodr\u00edguez Pe\u00f1a por el centro de C\u00f3rdoba. Acciones conjuntas de las tres seccionales en el interior. Gran acto en la ciudad de Buenos Aires. &nbsp; &#8220;Si los trabajadores perdemos la calle tambi\u00e9n perdemos nuestra dignidad&#8221;, grit\u00f3 la secretaria General de ATE Mar\u00eda Liliana Salerno en [&hellip;]<\/p>\n","protected":false},"author":1,"featured_media":19220,"comment_status":"open","ping_status":"open","sticky":false,"template":"","format":"standard","meta":{"_exactmetrics_skip_tracking":false,"_exactmetrics_sitenote_active":false,"_exactmetrics_sitenote_note":"","_exactmetrics_sitenote_category":0,"jnews-multi-image_gallery":[],"jnews_single_post":[],"jnews_primary_category":[],"jnews_social_meta":[],"jnews_review":[],"enable_review":"","type":"","name":"","summary":"","brand":"","sku":"","good":[],"bad":[],"score_override":"","override_value":"","rating":[],"price":[],"jnews_override_counter":[],"jnews_post_split":[],"footnotes":""},"categories":[21],"tags":[],"class_list":["post-8349","post","type-post","status-publish","format-standard","has-post-thumbnail","hentry","category-paro-nacional"],"jetpack_featured_media_url":"https:\/\/atecordoba.org\/wp-content\/uploads\/2020\/05\/logo-nuevochico-e1561581322808.png","_links":{"self":[{"href":"https:\/\/atecordoba.org\/index.php?rest_route=\/wp\/v2\/posts\/8349","targetHints":{"allow":["GET"]}}],"collection":[{"href":"https:\/\/atecordoba.org\/index.php?rest_route=\/wp\/v2\/posts"}],"about":[{"href":"https:\/\/atecordoba.org\/index.php?rest_route=\/wp\/v2\/types\/post"}],"author":[{"embeddable":true,"href":"https:\/\/atecordoba.org\/index.php?rest_route=\/wp\/v2\/users\/1"}],"replies":[{"embeddable":true,"href":"https:\/\/atecordoba.org\/index.php?rest_route=%2Fwp%2Fv2%2Fcomments&post=8349"}],"version-history":[{"count":0,"href":"https:\/\/atecordoba.org\/index.php?rest_route=\/wp\/v2\/posts\/8349\/revisions"}],"wp:featuredmedia":[{"embeddable":true,"href":"https:\/\/atecordoba.org\/index.php?rest_route=\/wp\/v2\/media\/19220"}],"wp:attachment":[{"href":"https:\/\/atecordoba.org\/index.php?rest_route=%2Fwp%2Fv2%2Fmedia&parent=8349"}],"wp:term":[{"taxonomy":"category","embeddable":true,"href":"https:\/\/atecordoba.org\/index.php?rest_route=%2Fwp%2Fv2%2Fcategories&post=8349"},{"taxonomy":"post_tag","embeddable":true,"href":"https:\/\/atecordoba.org\/index.php?rest_route=%2Fwp%2Fv2%2Ftags&post=8349"}],"curies":[{"name":"wp","href":"https:\/\/api.w.org\/{rel}","templated":true}]}}