{"id":8339,"date":"2017-04-05T15:19:53","date_gmt":"2017-04-05T18:19:53","guid":{"rendered":"http:\/\/www.atecordoba.org\/?p=8339"},"modified":"2017-04-05T15:19:53","modified_gmt":"2017-04-05T18:19:53","slug":"unc-la-orquesta-sinfonica-se-movilizo-nuevamente-al-consejo-superior-en-reclamo-del-pase-a-planta","status":"publish","type":"post","link":"https:\/\/atecordoba.org\/?p=8339","title":{"rendered":"UNC: la sinf\u00f3nica se moviliz\u00f3 nuevamente al Consejo Superior en reclamo del pase a planta"},"content":{"rendered":"<p><em>Junto con integrantes de la conducci\u00f3n del CDP, los trabajadores reclamaron por su situaci\u00f3n de precarizaci\u00f3n. El viernes habr\u00e1 una audiencia con el vicerrector.<\/em><\/p>\n<p><img loading=\"lazy\" decoding=\"async\" class=\"aligncenter size-full wp-image-8340\" src=\"http:\/\/www.atecordoba.org\/wp-content\/uploads\/2017\/04\/WhatsApp-Image-2017-04-05-at-11.01.21-e1491415815610.jpeg\" alt=\"\" width=\"550\" height=\"309\"><\/p>\n<p>En medio de un clima tenso por la falta de respuestas a los reclamos que se vienen realizando desde fines del a\u00f1o pasado, los trabajadores de la Orquesta sinf\u00f3nica de la Universidad Nacional de C\u00f3rdoba se movilizaron junto a no docentes y dirigentes de ATE.<\/p>\n<p>Estuvieron presentes el secretario Adjunto del CDP, Luis Barcena, y el Progremial, Francisco Pavan.<\/p>\n<p>Reclaman el pase a planta permanente de trabajadores que llevan precarizados, en calidad de becarios desde hace una d\u00e9cada, sin que hasta el momento, ni con la conducci\u00f3n universitaria anterior ni con la actual, hayan tenido respuestas satisfactorias. Por el contrario, los mensajes de la conducci\u00f3n universitaria, a trav\u00e9s de los proyectos que se barajan para establecer el r\u00e9gimen de la Orquesta, ignoran los planteos de compa\u00f1eros que se ganaron su lugar por concursos y vienen trabajando sin que se les reconozcan sus derechos.<\/p>\n<p>Despu\u00e9s de realizar ayer una puesta musical en la antesala del Consejo Superior, los compa\u00f1eros lograron ser atendidos por los consejeros.<\/p>\n<p>All\u00ed Barcena expres\u00f3 que la precaridad laboral \u201ces una verg\u00fcenza que vive la universidad nacional. Los compa\u00f1eros llevan en algunos casos hasta 10 a\u00f1os becados por m\u00edsero salario cuando han rendido concurso para ingresar a la orquesta. Son trabajadores de la cultura y por lo tanto les corresponde la planta permanente. Basta de andar precarizando y dibujando cosas que no son\u201d.<\/p>\n<p><img loading=\"lazy\" decoding=\"async\" class=\"aligncenter size-full wp-image-8341\" src=\"http:\/\/www.atecordoba.org\/wp-content\/uploads\/2017\/04\/WhatsApp-Image-2017-04-05-at-11.01.20-e1491415854624.jpeg\" alt=\"\" width=\"550\" height=\"309\"><\/p>\n<p>Por su parte, Pavan afirm\u00f3 que \u201cm\u00e1s all\u00e1 de la discusi\u00f3n institucional sobre el modelo de orquesta, hay un problema de \u00edndole laboral que no lo puede resolver el Consejo Superior. La universidad como patronal y los m\u00fasicos que eligieron a ATE como ente representativo, deben lograr la soluci\u00f3n del conflicto, que no es otra que plasmar para los compa\u00f1eros los derechos laborales que de la legislaci\u00f3n argentina para los trabajadores estatales\u201d.<\/p>\n<p>Por eso agreg\u00f3 que \u201cpor m\u00e1s que el Consejo Superior resuelva que los m\u00fasicos siguen como becados el conflicto permanecer\u00e1 abierto, se hagan la idea que si quieren resolverlo la figura de la beca no va m\u00e1s. Lo que necesitamos es discutir como pasamos a los compa\u00f1eros a planta permanente\u201d.<\/p>\n<p>Por \u00faltimo el delegado de ATE de los trabajadores de la Orquesta, Luciano Maro, plante\u00f3 que en la actualidad la orquesta funciona en los mismos t\u00e9rminos de cualquier otra orquesta profesional de C\u00f3rdoba y del pa\u00eds, como las sinf\u00f3nicas provincial y nacional. \u201cAdem\u00e1s hay antecedentes en sistema universitario nacional de orquestas profesionales y estables como las de las universidades de Cuyo, San Juan y Tucum\u00e1n. Esta \u00faltima incluida dentro de convenio colectivo no docente\u201d.<\/p>\n<p>Tras exponer, los dirigentes salieron de la sesi\u00f3n con una audiencia para el viernes pr\u00f3ximo con el vicerrector Yanzi Ferreyra donde se abordar\u00e1 el pliego de reclamos de los trabajadores.<\/p>\n<p><img loading=\"lazy\" decoding=\"async\" class=\"aligncenter size-full wp-image-8342\" src=\"http:\/\/www.atecordoba.org\/wp-content\/uploads\/2017\/04\/WhatsApp-Image-2017-04-05-at-11.01.19-e1491415896987.jpeg\" alt=\"\" width=\"550\" height=\"309\"><\/p>\n<p><strong>Concierto p\u00fablico<\/strong><\/p>\n<p>En tanto, la asamblea de m\u00fasicos program\u00f3&nbsp;un nuevo concierto gratuito&nbsp;para el lunes 10 de abril, a las 18 horas, frente al Patio Olmos, en bulevar San Juan esquina V\u00e9lez Sarsfield.<\/p>\n<p>El programa estar\u00e1 conformado por reconocidas obras tanto del repertorio cl\u00e1sico como del g\u00e9nero popular latinoamericano.<\/p>\n<p><img loading=\"lazy\" decoding=\"async\" class=\"aligncenter size-full wp-image-8343\" src=\"http:\/\/www.atecordoba.org\/wp-content\/uploads\/2017\/04\/IMG_20170309_182830-e1491416195379.jpg\" alt=\"\" width=\"550\" height=\"309\"><\/p>\n<p>El concierto, organizado en conjunto con ATE, contar\u00e1 con la presencia de m\u00fasicos invitados provenientes de diferentes espacios e instituciones, en apoyo al plan de lucha en reclamo por el pase a planta permanente, luego de 11 a\u00f1os de trabajo precarizado.<\/p>\n<p><strong>Trayectoria<\/strong><\/p>\n<p>La Orquesta Sinf\u00f3nica de la UNC lleva adelante una tarea ininterrumpida desde 2007 y se ha consolidado como un espacio fundamental para la difusi\u00f3n de obras de estudiantes y compositores cordobeses, para el acompa\u00f1amiento de solistas de diferentes \u00e1mbitos y trayectorias y, especialmente, como un organismo que garantiza el derecho a la cultura de los habitantes de nuestra ciudad.<\/p>\n<p><img loading=\"lazy\" decoding=\"async\" class=\"aligncenter size-full wp-image-8344\" src=\"http:\/\/www.atecordoba.org\/wp-content\/uploads\/2017\/04\/IMG_20170309_182920-e1491416351172.jpg\" alt=\"\" width=\"550\" height=\"309\"><\/p>\n<p>Est\u00e1 integrada por sesenta y cuatro m\u00fasicos profesionales, que ingresan al organismo mediante un concurso p\u00fablico de antecedentes y oposici\u00f3n.<\/p>\n<p>&nbsp;<\/p>\n","protected":false},"excerpt":{"rendered":"<p>Junto con integrantes de la conducci\u00f3n del CDP, los trabajadores reclamaron por su situaci\u00f3n de precarizaci\u00f3n. El viernes habr\u00e1 una audiencia con el vicerrector. En medio de un clima tenso por la falta de respuestas a los reclamos que se vienen realizando desde fines del a\u00f1o pasado, los trabajadores de la Orquesta sinf\u00f3nica de la [&hellip;]<\/p>\n","protected":false},"author":1,"featured_media":19220,"comment_status":"open","ping_status":"open","sticky":false,"template":"","format":"standard","meta":{"_exactmetrics_skip_tracking":false,"_exactmetrics_sitenote_active":false,"_exactmetrics_sitenote_note":"","_exactmetrics_sitenote_category":0,"jnews-multi-image_gallery":[],"jnews_single_post":[],"jnews_primary_category":[],"jnews_social_meta":[],"jnews_review":[],"enable_review":"","type":"","name":"","summary":"","brand":"","sku":"","good":[],"bad":[],"score_override":"","override_value":"","rating":[],"price":[],"jnews_override_counter":[],"jnews_post_split":[],"footnotes":""},"categories":[89],"tags":[],"class_list":["post-8339","post","type-post","status-publish","format-standard","has-post-thumbnail","hentry","category-unc"],"jetpack_featured_media_url":"https:\/\/atecordoba.org\/wp-content\/uploads\/2020\/05\/logo-nuevochico-e1561581322808.png","_links":{"self":[{"href":"https:\/\/atecordoba.org\/index.php?rest_route=\/wp\/v2\/posts\/8339","targetHints":{"allow":["GET"]}}],"collection":[{"href":"https:\/\/atecordoba.org\/index.php?rest_route=\/wp\/v2\/posts"}],"about":[{"href":"https:\/\/atecordoba.org\/index.php?rest_route=\/wp\/v2\/types\/post"}],"author":[{"embeddable":true,"href":"https:\/\/atecordoba.org\/index.php?rest_route=\/wp\/v2\/users\/1"}],"replies":[{"embeddable":true,"href":"https:\/\/atecordoba.org\/index.php?rest_route=%2Fwp%2Fv2%2Fcomments&post=8339"}],"version-history":[{"count":0,"href":"https:\/\/atecordoba.org\/index.php?rest_route=\/wp\/v2\/posts\/8339\/revisions"}],"wp:featuredmedia":[{"embeddable":true,"href":"https:\/\/atecordoba.org\/index.php?rest_route=\/wp\/v2\/media\/19220"}],"wp:attachment":[{"href":"https:\/\/atecordoba.org\/index.php?rest_route=%2Fwp%2Fv2%2Fmedia&parent=8339"}],"wp:term":[{"taxonomy":"category","embeddable":true,"href":"https:\/\/atecordoba.org\/index.php?rest_route=%2Fwp%2Fv2%2Fcategories&post=8339"},{"taxonomy":"post_tag","embeddable":true,"href":"https:\/\/atecordoba.org\/index.php?rest_route=%2Fwp%2Fv2%2Ftags&post=8339"}],"curies":[{"name":"wp","href":"https:\/\/api.w.org\/{rel}","templated":true}]}}