{"id":8334,"date":"2017-04-05T11:47:12","date_gmt":"2017-04-05T14:47:12","guid":{"rendered":"http:\/\/www.atecordoba.org\/?p=8334"},"modified":"2017-04-05T11:47:12","modified_gmt":"2017-04-05T14:47:12","slug":"jueves-6-de-abril-ate-convoca-al-paro-general-en-todo-el-pais","status":"publish","type":"post","link":"https:\/\/atecordoba.org\/?p=8334","title":{"rendered":"Jueves 6 de abril: ATE convoca al paro general en todo el pa\u00eds"},"content":{"rendered":"<p><em>Los estatales realizaremos un paro activo por 24 horas en rechazo a la pol\u00edtica econ\u00f3mica del gobierno de Mauricio Macri. Concentramos a las 9 horas en la sede de ATE, Entre R\u00edos 450, para movilizarnos.<\/em><\/p>\n<p><img loading=\"lazy\" decoding=\"async\" class=\"aligncenter size-full wp-image-7873\" src=\"http:\/\/www.atecordoba.org\/wp-content\/uploads\/2016\/12\/bandera-ultima-e1485802350149.jpg\" alt=\"\" width=\"250\" height=\"181\"><\/p>\n<p>La medida de fuerza se realizar\u00e1 a partir de las 0 horas de ma\u00f1ana y es por 24 horas en todo el pa\u00eds. El paro est\u00e1 inscripto en la necesidad de modificar el rumbo de la pol\u00edtica econ\u00f3mica del gobierno y para que el ajuste no lo paguen los trabajadores.<\/p>\n<p>Adem\u00e1s reclamamos, tal como se le notificara al ministro de Modernizaci\u00f3n Andr\u00e9s Ibarra,&nbsp; el adelantamiento de las paritarias nacionales, sin techo salarial y no menor a un 38%, continuar con la pelea por la reincorporaci\u00f3n de los trabajadores injustamente despedidos, terminar con la precarizaci\u00f3n laboral, exigir el Salario M\u00ednimo, Vital y M\u00f3vil para los trabajadores municipales y la equiparaci\u00f3n de las asignaciones familiares. As\u00ed tambi\u00e9n, rechazamos el proyecto para reformular el sistema previsional.<\/p>\n<p>En el orden provincial, ATE rechaza la pauta salarial del gobernador Schiaretti, por insuficiente e inconsulta, situaci\u00f3n que se extiende a la gran mayor\u00eda de los municipios del territorio provincial donde nuestro gremio cuenta con representaci\u00f3n.<\/p>\n<p>En consecuencia, acorde a lo dispuesto por las centrales sindicales CTA y CGT, ATE comunic\u00f3 al Ministerio de Trabajo la realizaci\u00f3n del paro por medio de nuestra mesa de conducci\u00f3n nacional y todos los trabajadores estatales cuentan con la cobertura gremial para llevar adelante la medida de fuerza.<\/p>\n<p>Seg\u00fan lo resuelto por la comisi\u00f3n directiva, ma\u00f1ana est\u00e1n convocados los cuerpos org\u00e1nicos y compa\u00f1eros trabajadores para manifestarnos p\u00fablicamente. Nos concentramos a las 9 horas en Entre R\u00edos 450, sede de ATE.<\/p>\n<p>\u00a1Basta de ajuste! \u00a1Salarios y jubilaciones dignas! \u00a1Reincorporaci\u00f3n de los despedidos!<\/p>\n<p>Mar\u00eda Liliana Salerno<\/p>\n<p>Secretaria General<\/p>\n<p>&nbsp;<\/p>\n","protected":false},"excerpt":{"rendered":"<p>Los estatales realizaremos un paro activo por 24 horas en rechazo a la pol\u00edtica econ\u00f3mica del gobierno de Mauricio Macri. Concentramos a las 9 horas en la sede de ATE, Entre R\u00edos 450, para movilizarnos. La medida de fuerza se realizar\u00e1 a partir de las 0 horas de ma\u00f1ana y es por 24 horas en [&hellip;]<\/p>\n","protected":false},"author":1,"featured_media":19220,"comment_status":"open","ping_status":"open","sticky":false,"template":"","format":"standard","meta":{"_exactmetrics_skip_tracking":false,"_exactmetrics_sitenote_active":false,"_exactmetrics_sitenote_note":"","_exactmetrics_sitenote_category":0,"jnews-multi-image_gallery":[],"jnews_single_post":[],"jnews_primary_category":[],"jnews_social_meta":[],"jnews_review":[],"enable_review":"","type":"","name":"","summary":"","brand":"","sku":"","good":[],"bad":[],"score_override":"","override_value":"","rating":[],"price":[],"jnews_override_counter":[],"jnews_post_split":[],"footnotes":""},"categories":[21],"tags":[],"class_list":["post-8334","post","type-post","status-publish","format-standard","has-post-thumbnail","hentry","category-paro-nacional"],"jetpack_featured_media_url":"https:\/\/atecordoba.org\/wp-content\/uploads\/2020\/05\/logo-nuevochico-e1561581322808.png","_links":{"self":[{"href":"https:\/\/atecordoba.org\/index.php?rest_route=\/wp\/v2\/posts\/8334","targetHints":{"allow":["GET"]}}],"collection":[{"href":"https:\/\/atecordoba.org\/index.php?rest_route=\/wp\/v2\/posts"}],"about":[{"href":"https:\/\/atecordoba.org\/index.php?rest_route=\/wp\/v2\/types\/post"}],"author":[{"embeddable":true,"href":"https:\/\/atecordoba.org\/index.php?rest_route=\/wp\/v2\/users\/1"}],"replies":[{"embeddable":true,"href":"https:\/\/atecordoba.org\/index.php?rest_route=%2Fwp%2Fv2%2Fcomments&post=8334"}],"version-history":[{"count":0,"href":"https:\/\/atecordoba.org\/index.php?rest_route=\/wp\/v2\/posts\/8334\/revisions"}],"wp:featuredmedia":[{"embeddable":true,"href":"https:\/\/atecordoba.org\/index.php?rest_route=\/wp\/v2\/media\/19220"}],"wp:attachment":[{"href":"https:\/\/atecordoba.org\/index.php?rest_route=%2Fwp%2Fv2%2Fmedia&parent=8334"}],"wp:term":[{"taxonomy":"category","embeddable":true,"href":"https:\/\/atecordoba.org\/index.php?rest_route=%2Fwp%2Fv2%2Fcategories&post=8334"},{"taxonomy":"post_tag","embeddable":true,"href":"https:\/\/atecordoba.org\/index.php?rest_route=%2Fwp%2Fv2%2Ftags&post=8334"}],"curies":[{"name":"wp","href":"https:\/\/api.w.org\/{rel}","templated":true}]}}