{"id":8331,"date":"2017-04-04T15:41:06","date_gmt":"2017-04-04T18:41:06","guid":{"rendered":"http:\/\/www.atecordoba.org\/?p=8331"},"modified":"2017-04-04T15:41:06","modified_gmt":"2017-04-04T18:41:06","slug":"ate-rio-tercero-se-movilizara-el-jueves-con-la-mesa-de-unidad-sindical","status":"publish","type":"post","link":"https:\/\/atecordoba.org\/?p=8331","title":{"rendered":"ATE R\u00edo Tercero se movilizar\u00e1 el jueves con la mesa de unidad sindical"},"content":{"rendered":"<p><em>Lo anunci\u00f3 hoy&nbsp;en conferencia de prensa junto a UEPC y Aceiteros.<\/em><\/p>\n<p><img loading=\"lazy\" decoding=\"async\" class=\"aligncenter size-full wp-image-8332\" src=\"http:\/\/www.atecordoba.org\/wp-content\/uploads\/2017\/04\/RIO-TERCERO-PARO-6-DE-ABRIL-e1491330165106.jpg\" alt=\"\" width=\"550\" height=\"304\"><\/p>\n<p>La marcha se realizar\u00e1 a las 10.30 por las calles del centro de la ciudad. En la oportunidad ATE estuvo representado por el secretario Gremial de la seccional R\u00edo Tercero, Damian Albornoz, acompa\u00f1ado por el secretario General del Sindicato de Aceiteros, Miguel Ferreyra, y de la UEPC R\u00edo Tercero, Gabriel Ferreyra.<\/p>\n<p>La seccional transita momentos de preocupaci\u00f3n por el destino de la F\u00e1brica Militar de dicha localidad.<\/p>\n<p>Los gremios que adhieren a la Mesa de Unidad Sindical son ATE, Qu\u00edmicos, UEPC, Aceiteros de Tancacha, Gr\u00e1ficos, Luz y Fuerza y Remiseros.<\/p>\n<p>Hace algunas semanas dicho grupo de gremios se present\u00f3 formalmente, anticipando, a trav\u00e9s de un documento, que llevar\u00eda adelante acciones atendiendo la problem\u00e1tica de cada sector, pero, especialmente, el del conjunto de los trabajadores y otros sectores productivos nacionales, considerando el complicado contexto econ\u00f3mico que atraviesa el pa\u00eds.<\/p>\n<p>\u201cEs un paro que se construy\u00f3 desde las bases, nosotros en el transcurso del martes estaremos confirmando el recorrido que realizaremos&#8221;, se\u00f1al\u00f3 en di\u00e1logo con Tercer R\u00edo Noticias, luego de la conferencia, el secretario gremial de ATE, Dami\u00e1n Albornoz. &#8220;Extendemos esta invitaci\u00f3n a los dem\u00e1s sindicatos, a los trabajadores informales, a quienes se encuentran desocupados, a las organizaciones sociales, al comercio que no la est\u00e1 pasando bien y a la sociedad en general\u201d. Albornoz manifest\u00f3: \u201cNecesitamos mostrar la masividad de los trabajadores y de la sociedad en general, en defensa de los puestos laborales y de las Pymes, en contra de la flexibilizaci\u00f3n, porque esto termina por afectarnos a todos\u201d.<\/p>\n","protected":false},"excerpt":{"rendered":"<p>Lo anunci\u00f3 hoy&nbsp;en conferencia de prensa junto a UEPC y Aceiteros. La marcha se realizar\u00e1 a las 10.30 por las calles del centro de la ciudad. En la oportunidad ATE estuvo representado por el secretario Gremial de la seccional R\u00edo Tercero, Damian Albornoz, acompa\u00f1ado por el secretario General del Sindicato de Aceiteros, Miguel Ferreyra, y [&hellip;]<\/p>\n","protected":false},"author":1,"featured_media":19220,"comment_status":"open","ping_status":"open","sticky":false,"template":"","format":"standard","meta":{"_exactmetrics_skip_tracking":false,"_exactmetrics_sitenote_active":false,"_exactmetrics_sitenote_note":"","_exactmetrics_sitenote_category":0,"jnews-multi-image_gallery":[],"jnews_single_post":[],"jnews_primary_category":[],"jnews_social_meta":[],"jnews_review":[],"enable_review":"","type":"","name":"","summary":"","brand":"","sku":"","good":[],"bad":[],"score_override":"","override_value":"","rating":[],"price":[],"jnews_override_counter":[],"jnews_post_split":[],"footnotes":""},"categories":[10,21,13],"tags":[],"class_list":["post-8331","post","type-post","status-publish","format-standard","has-post-thumbnail","hentry","category-accion-politica","category-paro-nacional","category-rio-tercero"],"jetpack_featured_media_url":"https:\/\/atecordoba.org\/wp-content\/uploads\/2020\/05\/logo-nuevochico-e1561581322808.png","_links":{"self":[{"href":"https:\/\/atecordoba.org\/index.php?rest_route=\/wp\/v2\/posts\/8331","targetHints":{"allow":["GET"]}}],"collection":[{"href":"https:\/\/atecordoba.org\/index.php?rest_route=\/wp\/v2\/posts"}],"about":[{"href":"https:\/\/atecordoba.org\/index.php?rest_route=\/wp\/v2\/types\/post"}],"author":[{"embeddable":true,"href":"https:\/\/atecordoba.org\/index.php?rest_route=\/wp\/v2\/users\/1"}],"replies":[{"embeddable":true,"href":"https:\/\/atecordoba.org\/index.php?rest_route=%2Fwp%2Fv2%2Fcomments&post=8331"}],"version-history":[{"count":0,"href":"https:\/\/atecordoba.org\/index.php?rest_route=\/wp\/v2\/posts\/8331\/revisions"}],"wp:featuredmedia":[{"embeddable":true,"href":"https:\/\/atecordoba.org\/index.php?rest_route=\/wp\/v2\/media\/19220"}],"wp:attachment":[{"href":"https:\/\/atecordoba.org\/index.php?rest_route=%2Fwp%2Fv2%2Fmedia&parent=8331"}],"wp:term":[{"taxonomy":"category","embeddable":true,"href":"https:\/\/atecordoba.org\/index.php?rest_route=%2Fwp%2Fv2%2Fcategories&post=8331"},{"taxonomy":"post_tag","embeddable":true,"href":"https:\/\/atecordoba.org\/index.php?rest_route=%2Fwp%2Fv2%2Ftags&post=8331"}],"curies":[{"name":"wp","href":"https:\/\/api.w.org\/{rel}","templated":true}]}}