{"id":8310,"date":"2017-03-31T13:55:00","date_gmt":"2017-03-31T16:55:00","guid":{"rendered":"http:\/\/www.atecordoba.org\/?p=8310"},"modified":"2017-03-31T13:55:00","modified_gmt":"2017-03-31T16:55:00","slug":"ate-se-reunio-con-la-municipalidad-de-salsacate-por-denuncias-de-persecucion-sindical","status":"publish","type":"post","link":"https:\/\/atecordoba.org\/?p=8310","title":{"rendered":"ATE se reuni\u00f3 con la municipalidad de Salsacate por denuncias de persecuci\u00f3n sindical"},"content":{"rendered":"<p><em>Dirigentes del CDP y de la seccional Villa Mar\u00eda trasladaron&nbsp;a la comuna denuncias de trabajadores sobre presiones para desafiliarse. El ejecutivo municipal lo descart\u00f3 y afirm\u00f3 que velar\u00e1 por el derecho de los municipales a elegir su gremio.<\/em><\/p>\n<p><img loading=\"lazy\" decoding=\"async\" class=\"aligncenter size-full wp-image-8312\" src=\"http:\/\/www.atecordoba.org\/wp-content\/uploads\/2017\/03\/3-e1490979245487.jpeg\" alt=\"\" width=\"550\" height=\"309\"><\/p>\n<p>Una delegaci\u00f3n de ATE C\u00f3rdoba encabezada por el Secretario de Interior, el compa\u00f1ero Alejandro Murua junto al Secretario de Formaci\u00f3n Jos\u00e9 Goroso, Gustavo Vilches y Alberto C\u00f3rdoba de la Seccional de Villa Maria se reunieron en el palacio municipal con el secretario de gobierno Dante Pires.<\/p>\n<p>El motivo de dicho encuentro se origin\u00f3 por las denuncias de compa\u00f1eros de nuestro gremio que desde el Palacio Municipal se estaba promoviendo la desafiliaci\u00f3n gremial. Desde el ejecutivo municipal se neg\u00f3 enf\u00e1ticamente dichos rumores y se comprometi\u00f3 a hacer valer el derecho de cada municipal a elegir qu\u00e9 gremio lo represente.<\/p>\n<p>Ante lo expuesto, la delegaci\u00f3n de ATE remarc\u00f3 el principio hist\u00f3rico de nuestro gremio de defender la libertad sindical y que todo compa\u00f1ero tiene absoluta autonom\u00eda para afiliarse o desafiliarse, aclar\u00e1ndose que esta \u00faltima debe hacerse en la sede de ATE y no ante la patronal.<\/p>\n<p>El Secretario de Formaci\u00f3n presento los programas de capacitaci\u00f3n, haciendo incapi\u00e9 en los relacionado a la tem\u00e1tica de seguridad e higiene, quedando para un pr\u00f3ximo encuentro la posibilidad de desarrollar los mismos en la comuna abierto a la poblaci\u00f3n.<\/p>\n","protected":false},"excerpt":{"rendered":"<p>Dirigentes del CDP y de la seccional Villa Mar\u00eda trasladaron&nbsp;a la comuna denuncias de trabajadores sobre presiones para desafiliarse. El ejecutivo municipal lo descart\u00f3 y afirm\u00f3 que velar\u00e1 por el derecho de los municipales a elegir su gremio. Una delegaci\u00f3n de ATE C\u00f3rdoba encabezada por el Secretario de Interior, el compa\u00f1ero Alejandro Murua junto al [&hellip;]<\/p>\n","protected":false},"author":1,"featured_media":19220,"comment_status":"open","ping_status":"open","sticky":false,"template":"","format":"standard","meta":{"_exactmetrics_skip_tracking":false,"_exactmetrics_sitenote_active":false,"_exactmetrics_sitenote_note":"","_exactmetrics_sitenote_category":0,"jnews-multi-image_gallery":[],"jnews_single_post":[],"jnews_primary_category":[],"jnews_social_meta":[],"jnews_review":[],"enable_review":"","type":"","name":"","summary":"","brand":"","sku":"","good":[],"bad":[],"score_override":"","override_value":"","rating":[],"price":[],"jnews_override_counter":[],"jnews_post_split":[],"footnotes":""},"categories":[20],"tags":[],"class_list":["post-8310","post","type-post","status-publish","format-standard","has-post-thumbnail","hentry","category-municipales"],"jetpack_featured_media_url":"https:\/\/atecordoba.org\/wp-content\/uploads\/2020\/05\/logo-nuevochico-e1561581322808.png","_links":{"self":[{"href":"https:\/\/atecordoba.org\/index.php?rest_route=\/wp\/v2\/posts\/8310","targetHints":{"allow":["GET"]}}],"collection":[{"href":"https:\/\/atecordoba.org\/index.php?rest_route=\/wp\/v2\/posts"}],"about":[{"href":"https:\/\/atecordoba.org\/index.php?rest_route=\/wp\/v2\/types\/post"}],"author":[{"embeddable":true,"href":"https:\/\/atecordoba.org\/index.php?rest_route=\/wp\/v2\/users\/1"}],"replies":[{"embeddable":true,"href":"https:\/\/atecordoba.org\/index.php?rest_route=%2Fwp%2Fv2%2Fcomments&post=8310"}],"version-history":[{"count":0,"href":"https:\/\/atecordoba.org\/index.php?rest_route=\/wp\/v2\/posts\/8310\/revisions"}],"wp:featuredmedia":[{"embeddable":true,"href":"https:\/\/atecordoba.org\/index.php?rest_route=\/wp\/v2\/media\/19220"}],"wp:attachment":[{"href":"https:\/\/atecordoba.org\/index.php?rest_route=%2Fwp%2Fv2%2Fmedia&parent=8310"}],"wp:term":[{"taxonomy":"category","embeddable":true,"href":"https:\/\/atecordoba.org\/index.php?rest_route=%2Fwp%2Fv2%2Fcategories&post=8310"},{"taxonomy":"post_tag","embeddable":true,"href":"https:\/\/atecordoba.org\/index.php?rest_route=%2Fwp%2Fv2%2Ftags&post=8310"}],"curies":[{"name":"wp","href":"https:\/\/api.w.org\/{rel}","templated":true}]}}