{"id":8304,"date":"2017-03-30T14:40:14","date_gmt":"2017-03-30T17:40:14","guid":{"rendered":"http:\/\/www.atecordoba.org\/?p=8304"},"modified":"2017-03-30T14:40:14","modified_gmt":"2017-03-30T17:40:14","slug":"acto-de-protesta-en-el-polo-sanitario","status":"publish","type":"post","link":"https:\/\/atecordoba.org\/?p=8304","title":{"rendered":"Acto de protesta en el Polo Sanitario"},"content":{"rendered":"<p><em>ATE, acompa\u00f1ado por la UTS, realiz\u00f3 hoy una concentraci\u00f3n en el Polo Sanitario para rechazar la pauta salarial del gobierno provincial.&nbsp;<\/em><\/p>\n<p><img loading=\"lazy\" decoding=\"async\" class=\"aligncenter size-full wp-image-8305\" src=\"http:\/\/www.atecordoba.org\/wp-content\/uploads\/2017\/03\/photo5109757162699204558-e1490895428150.jpg\" alt=\"\" width=\"550\" height=\"309\"><\/p>\n<p>El acto se llev\u00f3 a cabo alrededor de las 11 frente al Hospital de Ni\u00f1os, en el Polo Sanitario de la Capital provincial, donde los compa\u00f1eros presentes rechazaron, por insuficiente, el 19.5% de pauta salarial para todo el a\u00f1o que estableci\u00f3 el gobierno de Juan Schiaretti.<\/p>\n<p>&#8220;El 12.5% del primer semestres apenas se acerca a lo que perdimos de salarial real el a\u00f1o pasado. Para la segunda parte del a\u00f1o nos dan el 7%, que ser\u00eda el aumento concreto del 2017, algo inaceptable&#8221;, resumi\u00f3 el secretario de Prensa de ATE C\u00f3rdoba Daniel Pawluchuzk. Y agreg\u00f3: &#8220;como es inaceptable que un trabajador gane menos de 13600 pesos, l\u00edmite para caer en la pobreza. Pero resulta que hay muchos compa\u00f1eros que est\u00e1n en esa situaci\u00f3n&#8221;.<\/p>\n<p><img loading=\"lazy\" decoding=\"async\" class=\"aligncenter size-full wp-image-8306\" src=\"http:\/\/www.atecordoba.org\/wp-content\/uploads\/2017\/03\/photo5109757162699204557-e1490895457531.jpg\" alt=\"\" width=\"550\" height=\"309\"><\/p>\n<p>La concentraci\u00f3n se celebr\u00f3 bajo la lluvia que comenz\u00f3 a caer en la ciudad y aceler\u00f3 los discursos.<\/p>\n<p>Pero no falt\u00f3 tiempo para explicar a los compa\u00f1eros la razones del plan de lucha que los hospitales vienen desarrollando desde comienzos de febrero. &#8220;Mientras nos dicen que la inflaci\u00f3n va a ser s\u00f3lo del 18 este a\u00f1o para no darnos el aumento que necesitamos, ahora nos enteramos que C\u00f3rdoba tiene las pobreza m\u00e1s alta de pa\u00eds, precisamente por la inflaci\u00f3n, seg\u00fan dicen los ministros de Schiaretti. \u00bfEntonces c\u00f3mo es? A alguien le est\u00e1n mintiendo y es a los trabajadores&#8221;, afirm\u00f3 el vocal del CDP y delegado de la Maternidad Provincial, Omar Alercia.<\/p>\n<p><img loading=\"lazy\" decoding=\"async\" class=\"aligncenter size-full wp-image-8307\" src=\"http:\/\/www.atecordoba.org\/wp-content\/uploads\/2017\/03\/photo5109757162699204545-e1490895538889.jpg\" alt=\"\" width=\"550\" height=\"309\"><\/p>\n<p>Al cerrar el acto, se convoc\u00f3 los hospitales a trabajar activamente para realizar un paro contundente el pr\u00f3ximo 6 de abril, en el marco de la huelga general donde ATE participar\u00e1 junto a la CGT.&nbsp;<\/p>\n<p>&nbsp;<\/p>\n","protected":false},"excerpt":{"rendered":"<p>ATE, acompa\u00f1ado por la UTS, realiz\u00f3 hoy una concentraci\u00f3n en el Polo Sanitario para rechazar la pauta salarial del gobierno provincial.&nbsp; El acto se llev\u00f3 a cabo alrededor de las 11 frente al Hospital de Ni\u00f1os, en el Polo Sanitario de la Capital provincial, donde los compa\u00f1eros presentes rechazaron, por insuficiente, el 19.5% de pauta [&hellip;]<\/p>\n","protected":false},"author":1,"featured_media":19220,"comment_status":"open","ping_status":"open","sticky":false,"template":"","format":"standard","meta":{"_exactmetrics_skip_tracking":false,"_exactmetrics_sitenote_active":false,"_exactmetrics_sitenote_note":"","_exactmetrics_sitenote_category":0,"jnews-multi-image_gallery":[],"jnews_single_post":[],"jnews_primary_category":[],"jnews_social_meta":[],"jnews_review":[],"enable_review":"","type":"","name":"","summary":"","brand":"","sku":"","good":[],"bad":[],"score_override":"","override_value":"","rating":[],"price":[],"jnews_override_counter":[],"jnews_post_split":[],"footnotes":""},"categories":[7,8],"tags":[],"class_list":["post-8304","post","type-post","status-publish","format-standard","has-post-thumbnail","hentry","category-hospitales","category-provinciales"],"jetpack_featured_media_url":"https:\/\/atecordoba.org\/wp-content\/uploads\/2020\/05\/logo-nuevochico-e1561581322808.png","_links":{"self":[{"href":"https:\/\/atecordoba.org\/index.php?rest_route=\/wp\/v2\/posts\/8304","targetHints":{"allow":["GET"]}}],"collection":[{"href":"https:\/\/atecordoba.org\/index.php?rest_route=\/wp\/v2\/posts"}],"about":[{"href":"https:\/\/atecordoba.org\/index.php?rest_route=\/wp\/v2\/types\/post"}],"author":[{"embeddable":true,"href":"https:\/\/atecordoba.org\/index.php?rest_route=\/wp\/v2\/users\/1"}],"replies":[{"embeddable":true,"href":"https:\/\/atecordoba.org\/index.php?rest_route=%2Fwp%2Fv2%2Fcomments&post=8304"}],"version-history":[{"count":0,"href":"https:\/\/atecordoba.org\/index.php?rest_route=\/wp\/v2\/posts\/8304\/revisions"}],"wp:featuredmedia":[{"embeddable":true,"href":"https:\/\/atecordoba.org\/index.php?rest_route=\/wp\/v2\/media\/19220"}],"wp:attachment":[{"href":"https:\/\/atecordoba.org\/index.php?rest_route=%2Fwp%2Fv2%2Fmedia&parent=8304"}],"wp:term":[{"taxonomy":"category","embeddable":true,"href":"https:\/\/atecordoba.org\/index.php?rest_route=%2Fwp%2Fv2%2Fcategories&post=8304"},{"taxonomy":"post_tag","embeddable":true,"href":"https:\/\/atecordoba.org\/index.php?rest_route=%2Fwp%2Fv2%2Ftags&post=8304"}],"curies":[{"name":"wp","href":"https:\/\/api.w.org\/{rel}","templated":true}]}}