{"id":8297,"date":"2017-03-29T15:19:48","date_gmt":"2017-03-29T18:19:48","guid":{"rendered":"http:\/\/www.atecordoba.org\/?p=8297"},"modified":"2017-03-29T15:19:48","modified_gmt":"2017-03-29T18:19:48","slug":"civiles-de-las-ffaa-se-hicieron-escuchar-frente-a-modernizacion-en-capital-federal","status":"publish","type":"post","link":"https:\/\/atecordoba.org\/?p=8297","title":{"rendered":"Civiles de las FFAA se hicieron escuchar frente a Modernizaci\u00f3n en Capital Federal"},"content":{"rendered":"<p><em>Con una gran participaci\u00f3n de los trabajadores, la medida exige al Gobierno una mejora de la Unidad Retributiva.<\/em><\/p>\n<p><img loading=\"lazy\" decoding=\"async\" class=\"aligncenter size-full wp-image-8298\" src=\"http:\/\/www.atecordoba.org\/wp-content\/uploads\/2017\/03\/9327_4360-e1490811069751.jpg\" alt=\"\" width=\"550\" height=\"367\"><\/p>\n<p><span class=\"\">Ayer martes trabajadoras y trabajadores civiles de las Fuerzas Armadas afiliados a ATE realizaron una marcha desde Paseo Col\u00f3n y Belgrano hasta el Ministerio de Defensa y luego hasta Modernizaci\u00f3n. All\u00ed, se reunieron con funcionarios de distintos ministerios quienes, luego de volver a ofrecer la misma propuesta y tras el rechazo encabezado por ATE, anunciaron una nueva reuni\u00f3n para el 31 de marzo en la que se comprometieron a llevar una propuesta superadora.<\/span><\/p>\n<p><span class=\"\">Por su parte, desde las y los trabajadores civiles de ATE expresaron que continuar\u00e1n las medidas de fuerza si no se cumple con la promesa de mejorar el monto de la UR.<\/span><\/p>\n<p class=\"texto\"><span class=\"\">La medida se llev\u00f3 a cabo en el marco de un plan de lucha que incluy\u00f3 un paro de 48 horas. De acuerdo a llos delegados, el mismo tuvo un alto acatamiento. En el acto realizado en el Ministerio de Defensa los referentes de ATE reiteraron su rechazo a que se fije una Unidad Retributiva a $9 y exigieron que sea de $15, dado que deja a los salarios de m\u00e1s de 20 mil trabajadores del sector con sueldos por debajo de la l\u00ednea de pobreza.<\/span><\/p>\n<div class=\"epyt-video-wrapper\"><iframe loading=\"lazy\"  style=\"display: block; margin: 0px auto;\"  id=\"_ytid_52276\"  width=\"480\" height=\"270\"  data-origwidth=\"480\" data-origheight=\"270\" src=\"https:\/\/www.youtube.com\/embed\/p_gYd6M-vxU?enablejsapi=1&#038;autoplay=0&#038;cc_load_policy=0&#038;cc_lang_pref=&#038;iv_load_policy=3&#038;loop=0&#038;rel=0&#038;fs=1&#038;playsinline=0&#038;autohide=2&#038;theme=dark&#038;color=red&#038;controls=1&#038;disablekb=0&#038;\" class=\"__youtube_prefs__  epyt-is-override  no-lazyload\" title=\"YouTube player\"  allow=\"fullscreen; accelerometer; autoplay; clipboard-write; encrypted-media; gyroscope; picture-in-picture; web-share\" referrerpolicy=\"strict-origin-when-cross-origin\" allowfullscreen data-no-lazy=\"1\" data-skipgform_ajax_framebjll=\"\"><\/iframe><\/div>\n<p class=\"texto\">&nbsp;<\/p>\n<p class=\"texto\"><span class=\"\">La jornada de lucha estuvo impulsada por seccionales de ATE de la Provincia de Buenos Aires, de C\u00f3rdoba, por la CTA Capital Federal, ANUSATE Capital Federal y por el Consejo Directivo Nacional. Acompa\u00f1aron juntas internas de ATE de otros sectores, como &nbsp;los trabajadores de la Direcci\u00f3n General de Educaci\u00f3n, de V\u00edas Navegables y de Hospitales como el Moyano.<\/span><\/p>\n<p class=\"texto\"><span class=\"\">Estuvieron presentes Mario Mu\u00f1oz, Secretario Gremial y Silvia Le\u00f3n, Secretaria de Organizaci\u00f3n de ATE Nacional, as\u00ed como Oscar \u201cel Colo\u201d de Isasi, Secretario General de ATE y CTA de la Provincia de Buenos Aires; Pablo Spataro, Secretario General Adjunto de CTA Capital, Leonardo V\u00e1zquez y Patricia Arias del CDN. Por C\u00f3rdoba, estuvo Luis B\u00e1rcena, Secretario General Adjunto y V\u00edctor Lecuona, Secretario de Organizaci\u00f3n del CDP.<\/span><\/p>\n<p class=\"texto\"><span class=\"\">De la reuni\u00f3n en el Ministerio de Modernizaci\u00f3n participaron los paritarios de ATE de los Civiles de las Fuerzas Armadas, junto al asesor t\u00e9cnico y abogado de ATE Naci\u00f3n, Rodrigo Esp\u00f3sito.<\/span><\/p>\n<p class=\"texto\"><img loading=\"lazy\" decoding=\"async\" class=\"aligncenter size-full wp-image-8300\" src=\"http:\/\/www.atecordoba.org\/wp-content\/uploads\/2017\/03\/WhatsApp-Image-2017-03-28-at-16.09.54-e1490811380770.jpeg\" alt=\"\" width=\"550\" height=\"309\"><\/p>\n<p class=\"texto\"><span class=\"\"><b>\u201cNecesitamos una pol\u00edtica de defensa para defender los intereses del Pueblo\u201d<\/b><\/span><\/p>\n<p class=\"texto\"><span class=\"\">\u201cSi alg\u00fan trasnochado en Defensa o en Modernizaci\u00f3n del Estado piensa que esta pelea es de un pu\u00f1ado de nost\u00e1lgicos, se equivoca. Esta lucha tiene el respaldo de ATE Nacional y de ATE Provincia de Buenos Aires\u201d, dijo al abrir el acto en Defensa, el \u201cColo\u201d de Isasi. &nbsp;Destac\u00f3 la lucha de m\u00e1s de diez a\u00f1os por la cual se logr\u00f3 un CCT para el sector aunque no sea \u201cel Convenio que so\u00f1amos\u201d. As\u00ed, porque \u201cEl Convenio Colectivo tiene sentido si dignifica y jerarquiza a los trabajadores. De Isasi se\u00f1al\u00f3 que \u201cvamos a seguir luchando hasta que consigamos el CCT que merecemos\u201d.<\/span><\/p>\n<p class=\"texto\"><img loading=\"lazy\" decoding=\"async\" class=\"aligncenter size-full wp-image-8301\" src=\"http:\/\/www.atecordoba.org\/wp-content\/uploads\/2017\/03\/9327_4354-e1490811464612.jpg\" alt=\"\" width=\"550\" height=\"367\"><\/p>\n<p class=\"texto\"><span class=\"\">\u201cNo sobran trabajadores civiles en las Fuerzas Armadas, ni talleres, lo que faltan son pol\u00edticas de defensa que este en funci\u00f3n de defender los intereses de nuestro pueblo, y en ellas son un eje vertebral los trabajadores que d\u00eda a d\u00eda sostienen esas \u00e1reas\u201d, dijo el Secretario General de ATE Provincia de Buenos Aires. &nbsp;En ese sentido, agreg\u00f3 que \u201cNo quieren invertir en esas \u00e1reas pero se gastan millones para comprar armas, balas y reprimir al pueblo que pelea por un destino distinto\u201d.<\/span><\/p>\n<p class=\"texto\"><span class=\"\">Para finalizar, anunci\u00f3 \u201cnuestra ATE y nuestra CTA han definido un paro activo en todo el territorio nacional para el d\u00eda 6 de abril, cuando paran todas las centrales sindicales\u201d. A su vez, inform\u00f3 que \u201cestamos a punto de ponerle la frutilla final al paro nacional de ATE, que todo hace pensar el 19 de abril donde miles y miles de trabajadores del estado nacional, de los estados provinciales y de los estados municipales vamos a reclamar salarios dignos, plena estabilidad laboral y vamos a bregar por un estado al servicio de las mayor\u00edas populares\u201d.<\/span><\/p>\n<p class=\"texto\"><span class=\"\"><b>\u201cEstamos hablando de un descuento\u201d<\/b><\/span><\/p>\n<p class=\"texto\"><img loading=\"lazy\" decoding=\"async\" class=\"aligncenter size-full wp-image-8302\" src=\"http:\/\/www.atecordoba.org\/wp-content\/uploads\/2017\/03\/9327_4353-e1490811497743.jpg\" alt=\"\" width=\"550\" height=\"367\"><\/p>\n<p class=\"texto\"><span class=\"\">Por su parte, Dabel Robl\u00edn, Secretario General de la seccional Magdalena-Punta Indio y paritario nacional detall\u00f3 los motivos del conflicto: \u201cLos trabajadores civiles hace diez a\u00f1os que estamos discutiendo un Convenio Colectivo de Trabajo. D\u00edas antes de irse el kirchnerismo, se firma el convenio sin valor de UR, o sea, no sab\u00edamos en su momento cuanto \u00edbamos a cobrar. Ahora, este gobierno ha fijado en un primer intento un valor de UR que hace que los trabajadores cobren aun menos de lo que est\u00e1n cobrando\u201d. \u201cPol\u00edticamente, la visi\u00f3n es que es una verg\u00fcenza. No estamos hablando de un aumento salario estamos hablando de un descuento\u201d, analiz\u00f3.<\/span><\/p>\n<p class=\"texto\"><span class=\"\">La Secretaria General de la Seccional Punta Alta, Ana Mendoza, ratific\u00f3 la posici\u00f3n de los civiles de las Fuerzas Armadas: \u201cNo vamos a retroceder ni un minuto para atr\u00e1s\u201d.<\/span><\/p>\n<p class=\"texto\"><span class=\"\">\u201cDurante diez a\u00f1os estuvimos peleando por un CCT y no nos parece justo que este gobierno que va a gastar 25 mil millones de d\u00f3lares en armamentos, que no s\u00e9 quien se lo ira a arreglar, no tengan en cuenta esa UR que necesitamos para vivir. &nbsp;El 70% de estos trabajadores se ven perjudicados por la UR y ac\u00e1 tenes compa\u00f1eros que le han entregado la vida al estado &nbsp;&nbsp;42 a\u00f1os de trabajo, que tienen la guerra de Malvinas en la espalda\u201d, se\u00f1al\u00f3.<\/span><\/p>\n<p class=\"texto\"><span class=\"\">A la vez, destac\u00f3 la presencia de los cientos de trabajadores y trabajadoras que vinieron de lejos, que viajaron toda la noche desde Mar del Plata, Bah\u00eda Blanca, C\u00f3rdoba: \u201cEsto es militancia, ac\u00e1 no hay chori, no hay diez pesos, queremos comer, queremos un sueldo digno\u201d, dijo.<\/span><\/p>\n<p class=\"texto\"><img loading=\"lazy\" decoding=\"async\" class=\"aligncenter size-full wp-image-8299\" src=\"http:\/\/www.atecordoba.org\/wp-content\/uploads\/2017\/03\/WhatsApp-Image-2017-03-28-at-17.05.01-e1490811271937.jpeg\" alt=\"\" width=\"550\" height=\"309\"><\/p>\n<p class=\"texto\"><span class=\"\">V\u00edctor Lecuona Secretario de Organizaci\u00f3n del CDP de C\u00f3rdoba y paritario nacional de los civiles de las FFAA explic\u00f3 que \u201clo que nos trae hoy es el ninguneo de este gobierno que se ha transformado en el ninguneo desde varios gobiernos. Ahora que est\u00e1 por nacer nuestro Convenio Colectivo, nos ponen una base salarial que est\u00e1 por debajo del salario m\u00ednimo, vital y m\u00f3vil\u201d.<\/span><\/p>\n<p class=\"texto\"><span class=\"\">Rub\u00e9n L\u00f3pez, delegado general de IOSE-IOSFA celebr\u00f3 la convocatoria de las medidas de luchas: \u201cLos compa\u00f1eros se concientizaron que los gobierno no est\u00e1 queriendo hacer firmar un salario a la baja\u201d, dijo. Y concluy\u00f3 advirtiendo que \u201cesto no solo afecta a futuro sino tambi\u00e9n a los compa\u00f1eros que se van a jubilar\u201d.<\/span><\/p>\n<p class=\"texto\">&nbsp;<\/p>\n","protected":false},"excerpt":{"rendered":"<p>Con una gran participaci\u00f3n de los trabajadores, la medida exige al Gobierno una mejora de la Unidad Retributiva. Ayer martes trabajadoras y trabajadores civiles de las Fuerzas Armadas afiliados a ATE realizaron una marcha desde Paseo Col\u00f3n y Belgrano hasta el Ministerio de Defensa y luego hasta Modernizaci\u00f3n. All\u00ed, se reunieron con funcionarios de distintos [&hellip;]<\/p>\n","protected":false},"author":1,"featured_media":19220,"comment_status":"open","ping_status":"open","sticky":false,"template":"","format":"standard","meta":{"_exactmetrics_skip_tracking":false,"_exactmetrics_sitenote_active":false,"_exactmetrics_sitenote_note":"","_exactmetrics_sitenote_category":0,"jnews-multi-image_gallery":[],"jnews_single_post":[],"jnews_primary_category":[],"jnews_social_meta":[],"jnews_review":[],"enable_review":"","type":"","name":"","summary":"","brand":"","sku":"","good":[],"bad":[],"score_override":"","override_value":"","rating":[],"price":[],"jnews_override_counter":[],"jnews_post_split":[],"footnotes":""},"categories":[18,9],"tags":[],"class_list":["post-8297","post","type-post","status-publish","format-standard","has-post-thumbnail","hentry","category-nacionales","category-trabajadores-civiles-ff-aa"],"jetpack_featured_media_url":"https:\/\/atecordoba.org\/wp-content\/uploads\/2020\/05\/logo-nuevochico-e1561581322808.png","_links":{"self":[{"href":"https:\/\/atecordoba.org\/index.php?rest_route=\/wp\/v2\/posts\/8297","targetHints":{"allow":["GET"]}}],"collection":[{"href":"https:\/\/atecordoba.org\/index.php?rest_route=\/wp\/v2\/posts"}],"about":[{"href":"https:\/\/atecordoba.org\/index.php?rest_route=\/wp\/v2\/types\/post"}],"author":[{"embeddable":true,"href":"https:\/\/atecordoba.org\/index.php?rest_route=\/wp\/v2\/users\/1"}],"replies":[{"embeddable":true,"href":"https:\/\/atecordoba.org\/index.php?rest_route=%2Fwp%2Fv2%2Fcomments&post=8297"}],"version-history":[{"count":0,"href":"https:\/\/atecordoba.org\/index.php?rest_route=\/wp\/v2\/posts\/8297\/revisions"}],"wp:featuredmedia":[{"embeddable":true,"href":"https:\/\/atecordoba.org\/index.php?rest_route=\/wp\/v2\/media\/19220"}],"wp:attachment":[{"href":"https:\/\/atecordoba.org\/index.php?rest_route=%2Fwp%2Fv2%2Fmedia&parent=8297"}],"wp:term":[{"taxonomy":"category","embeddable":true,"href":"https:\/\/atecordoba.org\/index.php?rest_route=%2Fwp%2Fv2%2Fcategories&post=8297"},{"taxonomy":"post_tag","embeddable":true,"href":"https:\/\/atecordoba.org\/index.php?rest_route=%2Fwp%2Fv2%2Ftags&post=8297"}],"curies":[{"name":"wp","href":"https:\/\/api.w.org\/{rel}","templated":true}]}}