{"id":8293,"date":"2017-03-29T14:54:15","date_gmt":"2017-03-29T17:54:15","guid":{"rendered":"http:\/\/www.atecordoba.org\/?p=8293"},"modified":"2017-03-29T14:54:15","modified_gmt":"2017-03-29T17:54:15","slug":"64-paro-activo-y-19-de-abril-paro-nacional-de-ate","status":"publish","type":"post","link":"https:\/\/atecordoba.org\/?p=8293","title":{"rendered":"6\/4 Paro activo y 19 de abril Paro Nacional de ATE"},"content":{"rendered":"<p><em>Estas y otras medidas fueron respaldadas por la mayor\u00eda de los Secretarios Generales de todo el pa\u00eds en la reuni\u00f3n del Consejo Directivo Nacional.<\/em><\/p>\n<p><img loading=\"lazy\" decoding=\"async\" class=\"aligncenter size-full wp-image-8294\" src=\"http:\/\/www.atecordoba.org\/wp-content\/uploads\/2017\/03\/mesa-nacional-resolvio-paro-6-y-19-de-abril-e1490809866389.jpg\" alt=\"\" width=\"550\" height=\"343\"><\/p>\n<p><span class=\"\">La reuni\u00f3n del Consejo Directivo Nacional, encabezada por el Secretario General Hugo \u201cCachorro\u201d Godoy junto a todo el secretariado, estuvo acompa\u00f1ada por casi la totalidad de los secretarios generales de las provincias.<\/span><\/p>\n<p class=\"texto\"><span class=\"\">El encuentro comenz\u00f3 con el informe pol\u00edtico realizado por Hugo Godoy sobre la participaci\u00f3n de ATE en las multitudinarias movilizaciones llevadas adelante en las \u00faltimas semanas. Adem\u00e1s, hizo referencia a las pol\u00edticas econ\u00f3micas del gobierno por lo que llam\u00f3 a profundizar las luchas para cambiar el rumbo de la administraci\u00f3n macrista.<\/span><\/p>\n<p class=\"texto\"><span class=\"\">Luego se abri\u00f3 el debate y cada uno de los secretarios generales hizo foco en la problem\u00e1tica de las provincias que encabezan, y se expusieron las propuestas que luego fueron avaladas para la totalidad de los presentes.<\/span><\/p>\n<p class=\"texto\"><span class=\"\">En primer lugar se dispuso llamar a un Paro Nacional para el pr\u00f3ximo 6 de abril en sinton\u00eda con la medida dispuesta por la CGT, pero en una jornada de protesta con diferentes modalidades que se llevar\u00e1n adelante en cada rinc\u00f3n del pa\u00eds. Luego se aprob\u00f3 convocar a un Paro Nacional de ATE, con movilizaci\u00f3n, para el pr\u00f3ximo 19 de abril.<\/span><\/p>\n<p class=\"texto\"><span class=\"\">Ambas medidas est\u00e1n circunscriptas en la necesidad de modificar el rumbo de la pol\u00edtica econ\u00f3mica del gobierno y para que el ajuste no lo paguen los trabajadores. Adem\u00e1s de exigir, tal como se le notificara al ministro de Modernizaci\u00f3n Andr\u00e9s Ibarra,&nbsp; el adelantamiento de las paritarias nacionales, sin techo salarial y no menor a un 38%. Continuar con la pelea por la reincorporaci\u00f3n de los trabajadores injustamente despedidos, terminar con la precarizaci\u00f3n laboral, exigir el Salario M\u00ednimo, Vital y M\u00f3vil para los trabajadores municipales y la equiparaci\u00f3n de las asignaciones familiares. Como as\u00ed tambi\u00e9n rechazar el proyecto para reformular el sistema previsional.<\/span><\/p>\n<p class=\"texto\"><span class=\"\">En ese marco, todos los presentes manifestaron su repudio contra la judicializaci\u00f3n de la protesta ante las recientes detenciones de los dirigentes Juan Guillermo Antu\u00f1a y Anabel Yacianci.&nbsp; De la misma manera que se reiter\u00f3 por la libertad de todos los presos pol\u00edticos y en particular por Milagro Sala.<\/span><\/p>\n<p class=\"texto\"><span class=\"\">El Secretariado de ATE adem\u00e1s expres\u00f3 su repudio a la iniciativa del Gobierno de privatizar la Isla Demarchi, as\u00ed como el dragado y balizamiento de los r\u00edos y los distintos relevamientos que se realizan sobre el estado las costas ribere\u00f1as de la Argentina. En ese sentido, los dirigentes de ATE manifestaron su intenci\u00f3n de profundizar la lucha.<\/span><\/p>\n<div class=\"epyt-video-wrapper\"><iframe loading=\"lazy\"  style=\"display: block; margin: 0px auto;\"  id=\"_ytid_77798\"  width=\"480\" height=\"270\"  data-origwidth=\"480\" data-origheight=\"270\" src=\"https:\/\/www.youtube.com\/embed\/mtg868F3OGw?enablejsapi=1&#038;autoplay=0&#038;cc_load_policy=0&#038;cc_lang_pref=&#038;iv_load_policy=3&#038;loop=0&#038;rel=0&#038;fs=1&#038;playsinline=0&#038;autohide=2&#038;theme=dark&#038;color=red&#038;controls=1&#038;disablekb=0&#038;\" class=\"__youtube_prefs__  epyt-is-override  no-lazyload\" title=\"YouTube player\"  allow=\"fullscreen; accelerometer; autoplay; clipboard-write; encrypted-media; gyroscope; picture-in-picture; web-share\" referrerpolicy=\"strict-origin-when-cross-origin\" allowfullscreen data-no-lazy=\"1\" data-skipgform_ajax_framebjll=\"\"><\/iframe><\/div>\n<p class=\"texto\"><span class=\"\">Tambi\u00e9n se pronunci\u00f3 en contra del pacto fiscal, similar a los a\u00f1os \u00b490, que lleva adelante el gobierno para cristalizar las pol\u00edticas de ajuste con el fin de una mayor reducci\u00f3n del Estado. Ante ese escenario, se exigi\u00f3 un debate p\u00fablico en el cual se incluya a todos los gobernadores.<\/span><\/p>\n<p class=\"texto\"><span class=\"\">Asimismo, se plasm\u00f3 la postura del plenario de los Secretarios Generales de la CTA Aut\u00f3noma realizada en el d\u00eda de ayer y se hizo hincapi\u00e9 en fortalecer el debate interno dentro de la Central con plenarios y congresos provinciales.<\/span><\/p>\n<p class=\"texto\"><span class=\"\">Finalmente, se dispuso realizar para los \u00faltimos d\u00edas de mayo el Congreso Nacional ordinario y extraordinario de ATE.<\/span><\/p>\n","protected":false},"excerpt":{"rendered":"<p>Estas y otras medidas fueron respaldadas por la mayor\u00eda de los Secretarios Generales de todo el pa\u00eds en la reuni\u00f3n del Consejo Directivo Nacional. La reuni\u00f3n del Consejo Directivo Nacional, encabezada por el Secretario General Hugo \u201cCachorro\u201d Godoy junto a todo el secretariado, estuvo acompa\u00f1ada por casi la totalidad de los secretarios generales de las [&hellip;]<\/p>\n","protected":false},"author":1,"featured_media":19220,"comment_status":"open","ping_status":"open","sticky":false,"template":"","format":"standard","meta":{"_exactmetrics_skip_tracking":false,"_exactmetrics_sitenote_active":false,"_exactmetrics_sitenote_note":"","_exactmetrics_sitenote_category":0,"jnews-multi-image_gallery":[],"jnews_single_post":[],"jnews_primary_category":[],"jnews_social_meta":[],"jnews_review":[],"enable_review":"","type":"","name":"","summary":"","brand":"","sku":"","good":[],"bad":[],"score_override":"","override_value":"","rating":[],"price":[],"jnews_override_counter":[],"jnews_post_split":[],"footnotes":""},"categories":[21],"tags":[],"class_list":["post-8293","post","type-post","status-publish","format-standard","has-post-thumbnail","hentry","category-paro-nacional"],"jetpack_featured_media_url":"https:\/\/atecordoba.org\/wp-content\/uploads\/2020\/05\/logo-nuevochico-e1561581322808.png","_links":{"self":[{"href":"https:\/\/atecordoba.org\/index.php?rest_route=\/wp\/v2\/posts\/8293","targetHints":{"allow":["GET"]}}],"collection":[{"href":"https:\/\/atecordoba.org\/index.php?rest_route=\/wp\/v2\/posts"}],"about":[{"href":"https:\/\/atecordoba.org\/index.php?rest_route=\/wp\/v2\/types\/post"}],"author":[{"embeddable":true,"href":"https:\/\/atecordoba.org\/index.php?rest_route=\/wp\/v2\/users\/1"}],"replies":[{"embeddable":true,"href":"https:\/\/atecordoba.org\/index.php?rest_route=%2Fwp%2Fv2%2Fcomments&post=8293"}],"version-history":[{"count":0,"href":"https:\/\/atecordoba.org\/index.php?rest_route=\/wp\/v2\/posts\/8293\/revisions"}],"wp:featuredmedia":[{"embeddable":true,"href":"https:\/\/atecordoba.org\/index.php?rest_route=\/wp\/v2\/media\/19220"}],"wp:attachment":[{"href":"https:\/\/atecordoba.org\/index.php?rest_route=%2Fwp%2Fv2%2Fmedia&parent=8293"}],"wp:term":[{"taxonomy":"category","embeddable":true,"href":"https:\/\/atecordoba.org\/index.php?rest_route=%2Fwp%2Fv2%2Fcategories&post=8293"},{"taxonomy":"post_tag","embeddable":true,"href":"https:\/\/atecordoba.org\/index.php?rest_route=%2Fwp%2Fv2%2Ftags&post=8293"}],"curies":[{"name":"wp","href":"https:\/\/api.w.org\/{rel}","templated":true}]}}