{"id":8290,"date":"2017-03-28T15:11:46","date_gmt":"2017-03-28T18:11:46","guid":{"rendered":"http:\/\/www.atecordoba.org\/?p=8290"},"modified":"2017-03-28T15:11:46","modified_gmt":"2017-03-28T18:11:46","slug":"30-marzo-jornada-de-protesta-en-cordoba","status":"publish","type":"post","link":"https:\/\/atecordoba.org\/?p=8290","title":{"rendered":"30 marzo: jornada de protesta en C\u00f3rdoba"},"content":{"rendered":"<p><em>En el d\u00eda de la fecha, el Consejo Directivo Provincial y el plenario de delegados provinciales de ATE C\u00f3rdoba resolvi\u00f3 llevar a cabo una jornada de protesta el pr\u00f3ximo jueves 30 de marzo, en el marco del plan de lucha que nuestro gremio viene realizando desde comienzos de a\u00f1o, en rechazo a la pauta salarial dispuesta por el gobierno provincial, toda vez que el 12,5% para el primer semestre, as\u00ed como el 7% del segundo tramo del a\u00f1o, son insuficientes.<\/em><\/p>\n<p><img loading=\"lazy\" decoding=\"async\" class=\"aligncenter size-full wp-image-8180\" src=\"http:\/\/www.atecordoba.org\/wp-content\/uploads\/2017\/03\/senasa-2-e1489081597346.jpg\" alt=\"\" width=\"550\" height=\"413\"><\/p>\n<p>A tal efecto ATE resolvi\u00f3 concentrar en el Polo Sanitaria, a las 10 horas, para realizar un acto de protesta.<\/p>\n<p>Reclamamos:<\/p>\n<ul>\n<li>Por un aumento salarial que contemple la p\u00e9rdida de poder adquisitivo del 2016<\/li>\n<li>35% de aumento ya.<\/li>\n<li>Salario inicial = canasta familiar<\/li>\n<li>Pago de Recategorizaciones adeudadas.<\/li>\n<li>Pase a planta permanente de los contratados.<\/li>\n<li>En defensa de la Caja de Jubilaciones \/ no a la armonizaci\u00f3n<\/li>\n<li>Recomposici\u00f3n de los planteles b\u00e1sicos.<\/li>\n<\/ul>\n","protected":false},"excerpt":{"rendered":"<p>En el d\u00eda de la fecha, el Consejo Directivo Provincial y el plenario de delegados provinciales de ATE C\u00f3rdoba resolvi\u00f3 llevar a cabo una jornada de protesta el pr\u00f3ximo jueves 30 de marzo, en el marco del plan de lucha que nuestro gremio viene realizando desde comienzos de a\u00f1o, en rechazo a la pauta salarial [&hellip;]<\/p>\n","protected":false},"author":1,"featured_media":19220,"comment_status":"open","ping_status":"open","sticky":false,"template":"","format":"standard","meta":{"_exactmetrics_skip_tracking":false,"_exactmetrics_sitenote_active":false,"_exactmetrics_sitenote_note":"","_exactmetrics_sitenote_category":0,"jnews-multi-image_gallery":[],"jnews_single_post":[],"jnews_primary_category":[],"jnews_social_meta":[],"jnews_review":[],"enable_review":"","type":"","name":"","summary":"","brand":"","sku":"","good":[],"bad":[],"score_override":"","override_value":"","rating":[],"price":[],"jnews_override_counter":[],"jnews_post_split":[],"footnotes":""},"categories":[7,8,16],"tags":[],"class_list":["post-8290","post","type-post","status-publish","format-standard","has-post-thumbnail","hentry","category-hospitales","category-provinciales","category-saf"],"jetpack_featured_media_url":"https:\/\/atecordoba.org\/wp-content\/uploads\/2020\/05\/logo-nuevochico-e1561581322808.png","_links":{"self":[{"href":"https:\/\/atecordoba.org\/index.php?rest_route=\/wp\/v2\/posts\/8290","targetHints":{"allow":["GET"]}}],"collection":[{"href":"https:\/\/atecordoba.org\/index.php?rest_route=\/wp\/v2\/posts"}],"about":[{"href":"https:\/\/atecordoba.org\/index.php?rest_route=\/wp\/v2\/types\/post"}],"author":[{"embeddable":true,"href":"https:\/\/atecordoba.org\/index.php?rest_route=\/wp\/v2\/users\/1"}],"replies":[{"embeddable":true,"href":"https:\/\/atecordoba.org\/index.php?rest_route=%2Fwp%2Fv2%2Fcomments&post=8290"}],"version-history":[{"count":0,"href":"https:\/\/atecordoba.org\/index.php?rest_route=\/wp\/v2\/posts\/8290\/revisions"}],"wp:featuredmedia":[{"embeddable":true,"href":"https:\/\/atecordoba.org\/index.php?rest_route=\/wp\/v2\/media\/19220"}],"wp:attachment":[{"href":"https:\/\/atecordoba.org\/index.php?rest_route=%2Fwp%2Fv2%2Fmedia&parent=8290"}],"wp:term":[{"taxonomy":"category","embeddable":true,"href":"https:\/\/atecordoba.org\/index.php?rest_route=%2Fwp%2Fv2%2Fcategories&post=8290"},{"taxonomy":"post_tag","embeddable":true,"href":"https:\/\/atecordoba.org\/index.php?rest_route=%2Fwp%2Fv2%2Ftags&post=8290"}],"curies":[{"name":"wp","href":"https:\/\/api.w.org\/{rel}","templated":true}]}}