{"id":829,"date":"2011-09-12T18:07:10","date_gmt":"2011-09-12T21:07:10","guid":{"rendered":"http:\/\/www.atecordoba.org\/?p=829"},"modified":"2011-09-12T18:07:10","modified_gmt":"2011-09-12T21:07:10","slug":"encuentro-de-delegados-provinciales-debatira-situacion-salarial","status":"publish","type":"post","link":"https:\/\/atecordoba.org\/?p=829","title":{"rendered":"Encuentro de delegados provinciales debatir\u00e1 situaci\u00f3n salarial"},"content":{"rendered":"<p style=\"text-align: center;\"><img loading=\"lazy\" decoding=\"async\" class=\"aligncenter  wp-image-830\" title=\"arton160\" src=\"http:\/\/www.atecordoba.org\/wp-content\/uploads\/2012\/07\/arton160-1024x576.jpg\" alt=\"\" width=\"502\" height=\"282\" \/><\/p>\n<div>\n<div dir=\"ltr\">\n<p><strong>El pr\u00f3ximo mi\u00e9rcoles 14 de septiembre se llevar\u00e1 a cabo en ATE un plenario de delegados provinciales con el objetivo de debatir la situaci\u00f3n salarial en el Estado provincial.<\/strong><\/p>\n<\/div>\n<\/div>\n<div>\n<div dir=\"ltr\">\n<p>El pr\u00f3ximo mi\u00e9rcoles 14 de septiembre se llevar\u00e1 a cabo en ATE un plenario de delegados provinciales con el objetivo de debatir la situaci\u00f3n salarial en el Estado provincial.<\/p>\n<p>\u201cHay un claro desfasaje entre la canasta familiar, que ronda los 5800 pesos, y el promedio de ingreso de los estatales, que no supera los 3200\u201d, se\u00f1al\u00f3 Mar\u00eda Teresa Romero, Secretaria General de ATE C\u00f3rdoba.<\/p>\n<p>Los delegados adelantaron que ATE decidir\u00e1 los pasos a seguir, toda vez que ya termin\u00f3 el debate electoral en la provincia. \u201cNo quer\u00edamos quedar en medio de una discusi\u00f3n electoralista, pero estamos convencidos que es indispensable una recomposici\u00f3n salarial en la provincia\u201d, se\u00f1al\u00f3 Romero.<\/p>\n<p>El plenario de delegados se realizar\u00e1 a las 9 horas, en Entre R\u00edos 450.<\/p>\n<\/div>\n<\/div>\n","protected":false},"excerpt":{"rendered":"<p>El pr\u00f3ximo mi\u00e9rcoles 14 de septiembre se llevar\u00e1 a cabo en ATE un plenario de delegados provinciales con el objetivo de debatir la situaci\u00f3n salarial en el Estado provincial. El pr\u00f3ximo mi\u00e9rcoles 14 de septiembre se llevar\u00e1 a cabo en ATE un plenario de delegados provinciales con el objetivo de debatir la situaci\u00f3n salarial en [&hellip;]<\/p>\n","protected":false},"author":1,"featured_media":19220,"comment_status":"open","ping_status":"open","sticky":false,"template":"","format":"standard","meta":{"_exactmetrics_skip_tracking":false,"_exactmetrics_sitenote_active":false,"_exactmetrics_sitenote_note":"","_exactmetrics_sitenote_category":0,"jnews-multi-image_gallery":[],"jnews_single_post":[],"jnews_primary_category":[],"jnews_social_meta":[],"jnews_review":[],"enable_review":"","type":"","name":"","summary":"","brand":"","sku":"","good":[],"bad":[],"score_override":"","override_value":"","rating":[],"price":[],"jnews_override_counter":[],"jnews_post_split":[],"footnotes":""},"categories":[8],"tags":[54,11,31],"class_list":["post-829","post","type-post","status-publish","format-standard","has-post-thumbnail","hentry","category-provinciales","tag-comunicados-de-prensa-2","tag-noticias-2","tag-provinciales-2"],"jetpack_featured_media_url":"https:\/\/atecordoba.org\/wp-content\/uploads\/2020\/05\/logo-nuevochico-e1561581322808.png","_links":{"self":[{"href":"https:\/\/atecordoba.org\/index.php?rest_route=\/wp\/v2\/posts\/829","targetHints":{"allow":["GET"]}}],"collection":[{"href":"https:\/\/atecordoba.org\/index.php?rest_route=\/wp\/v2\/posts"}],"about":[{"href":"https:\/\/atecordoba.org\/index.php?rest_route=\/wp\/v2\/types\/post"}],"author":[{"embeddable":true,"href":"https:\/\/atecordoba.org\/index.php?rest_route=\/wp\/v2\/users\/1"}],"replies":[{"embeddable":true,"href":"https:\/\/atecordoba.org\/index.php?rest_route=%2Fwp%2Fv2%2Fcomments&post=829"}],"version-history":[{"count":0,"href":"https:\/\/atecordoba.org\/index.php?rest_route=\/wp\/v2\/posts\/829\/revisions"}],"wp:featuredmedia":[{"embeddable":true,"href":"https:\/\/atecordoba.org\/index.php?rest_route=\/wp\/v2\/media\/19220"}],"wp:attachment":[{"href":"https:\/\/atecordoba.org\/index.php?rest_route=%2Fwp%2Fv2%2Fmedia&parent=829"}],"wp:term":[{"taxonomy":"category","embeddable":true,"href":"https:\/\/atecordoba.org\/index.php?rest_route=%2Fwp%2Fv2%2Fcategories&post=829"},{"taxonomy":"post_tag","embeddable":true,"href":"https:\/\/atecordoba.org\/index.php?rest_route=%2Fwp%2Fv2%2Ftags&post=829"}],"curies":[{"name":"wp","href":"https:\/\/api.w.org\/{rel}","templated":true}]}}