{"id":828,"date":"2011-09-14T17:41:03","date_gmt":"2011-09-14T20:41:03","guid":{"rendered":"http:\/\/www.atecordoba.org\/?p=828"},"modified":"2011-09-14T17:41:03","modified_gmt":"2011-09-14T20:41:03","slug":"repudio-a-la-absolucion-de-menem","status":"publish","type":"post","link":"https:\/\/atecordoba.org\/?p=828","title":{"rendered":"Repudio a la absoluci\u00f3n de Menem"},"content":{"rendered":"<div>\n<div dir=\"ltr\">\n<p><strong>(C\u00f3rdoba, 14-9-2011) El Consejo Directivo Provincial rechaz\u00f3 la absoluci\u00f3n del ex presidente y su banda de secuaces. Este fallo, d eno revertirse en instancias de apelaci\u00f3n, supone la segura impunidad de los autores de la voladura de la F\u00e1brica Militar de R\u00edo Tercero.<\/strong><\/p>\n<\/div>\n<\/div>\n<div>\n<div dir=\"ltr\">\n<p>Ante la absoluci\u00f3n de Carlos Menem y dem\u00e1s funcionarios involucrados en el tr\u00e1fico de armas, ATE repudia el accionar de la Justicia Federal ya que la resoluci\u00f3n dejar\u00e1 en abstracto cualquier juicio posterior sobre la voladura de la F\u00e1brica Militar de R\u00edo Tercero, producida en 1995.<\/p>\n<p>\u201cEs una verg\u00fcenza y estamos todos muy dolidos\u201d, dijo Cristian Colman, secretario General de la Seccional R\u00edo Tercero de ATE. \u201cCre\u00edamos que ayer ser\u00eda un d\u00eda de fiesta pero la absoluci\u00f3n de Menem y sus secuaces, adelanta la segura impunidad sobre los autores de la voladura de la planta de nuestra ciudad\u201d, agreg\u00f3.<\/p>\n<p>Algunos compa\u00f1eros de la seccional, como Omar Gaviglio que cumpli\u00f3 funciones como Jefe de Carga y Completo, testificaron durante el juicio, brindando numerosa informaci\u00f3n oral y documentada del desmanejo que sufri\u00f3 la F\u00e1brica Militar durante la gesti\u00f3n menemista que deriv\u00f3 en las explosiones del \u201995.<\/p>\n<p>Sin conocer aun los fundamentos de los jueces para exculpar al ex presidente, desde ATE esperamos que en la instancia de apelaci\u00f3n, toda vez que el fallo fue dividido, se rectifique la sentencia y se haga realmente justicia.<\/p>\n<p>Mar\u00eda Teresa Romero<\/p>\n<p>Secretaria General<\/p>\n<p>ATE C\u00f3rdoba<\/p>\n<\/div>\n<\/div>\n","protected":false},"excerpt":{"rendered":"<p>(C\u00f3rdoba, 14-9-2011) El Consejo Directivo Provincial rechaz\u00f3 la absoluci\u00f3n del ex presidente y su banda de secuaces. Este fallo, d eno revertirse en instancias de apelaci\u00f3n, supone la segura impunidad de los autores de la voladura de la F\u00e1brica Militar de R\u00edo Tercero. Ante la absoluci\u00f3n de Carlos Menem y dem\u00e1s funcionarios involucrados en el [&hellip;]<\/p>\n","protected":false},"author":1,"featured_media":19220,"comment_status":"open","ping_status":"open","sticky":false,"template":"","format":"standard","meta":{"_exactmetrics_skip_tracking":false,"_exactmetrics_sitenote_active":false,"_exactmetrics_sitenote_note":"","_exactmetrics_sitenote_category":0,"jnews-multi-image_gallery":[],"jnews_single_post":[],"jnews_primary_category":[],"jnews_social_meta":[],"jnews_review":[],"enable_review":"","type":"","name":"","summary":"","brand":"","sku":"","good":[],"bad":[],"score_override":"","override_value":"","rating":[],"price":[],"jnews_override_counter":[],"jnews_post_split":[],"footnotes":""},"categories":[18],"tags":[54,29,11],"class_list":["post-828","post","type-post","status-publish","format-standard","has-post-thumbnail","hentry","category-nacionales","tag-comunicados-de-prensa-2","tag-nacionales-2","tag-noticias-2"],"jetpack_featured_media_url":"https:\/\/atecordoba.org\/wp-content\/uploads\/2020\/05\/logo-nuevochico-e1561581322808.png","_links":{"self":[{"href":"https:\/\/atecordoba.org\/index.php?rest_route=\/wp\/v2\/posts\/828","targetHints":{"allow":["GET"]}}],"collection":[{"href":"https:\/\/atecordoba.org\/index.php?rest_route=\/wp\/v2\/posts"}],"about":[{"href":"https:\/\/atecordoba.org\/index.php?rest_route=\/wp\/v2\/types\/post"}],"author":[{"embeddable":true,"href":"https:\/\/atecordoba.org\/index.php?rest_route=\/wp\/v2\/users\/1"}],"replies":[{"embeddable":true,"href":"https:\/\/atecordoba.org\/index.php?rest_route=%2Fwp%2Fv2%2Fcomments&post=828"}],"version-history":[{"count":0,"href":"https:\/\/atecordoba.org\/index.php?rest_route=\/wp\/v2\/posts\/828\/revisions"}],"wp:featuredmedia":[{"embeddable":true,"href":"https:\/\/atecordoba.org\/index.php?rest_route=\/wp\/v2\/media\/19220"}],"wp:attachment":[{"href":"https:\/\/atecordoba.org\/index.php?rest_route=%2Fwp%2Fv2%2Fmedia&parent=828"}],"wp:term":[{"taxonomy":"category","embeddable":true,"href":"https:\/\/atecordoba.org\/index.php?rest_route=%2Fwp%2Fv2%2Fcategories&post=828"},{"taxonomy":"post_tag","embeddable":true,"href":"https:\/\/atecordoba.org\/index.php?rest_route=%2Fwp%2Fv2%2Ftags&post=828"}],"curies":[{"name":"wp","href":"https:\/\/api.w.org\/{rel}","templated":true}]}}