{"id":8279,"date":"2017-03-28T10:45:24","date_gmt":"2017-03-28T13:45:24","guid":{"rendered":"http:\/\/www.atecordoba.org\/?p=8279"},"modified":"2017-03-28T10:45:24","modified_gmt":"2017-03-28T13:45:24","slug":"ate-realizo-la-eleccion-de-delegados-en-la-senaf-provincial","status":"publish","type":"post","link":"https:\/\/atecordoba.org\/?p=8279","title":{"rendered":"ATE realiz\u00f3 la elecci\u00f3n de delegados en la Senaf provincial"},"content":{"rendered":"<p><em>Con buena participaci\u00f3n de los trabajadores del sector se llev\u00f3 a cabo la elecci\u00f3n de delegados.<\/em><\/p>\n<p><img loading=\"lazy\" decoding=\"async\" class=\"aligncenter size-full wp-image-8280\" src=\"http:\/\/www.atecordoba.org\/wp-content\/uploads\/2017\/03\/eleccion-senaf-e1490708671700.jpeg\" alt=\"\" width=\"550\" height=\"413\"><\/p>\n<p>Se trata de los compa\u00f1eros Romina Espinosa y Humberto Cabral, que renovaron mandato por los pr\u00f3ximos dos a\u00f1os.<\/p>\n<p>Votaron alrededor del 50% del padr\u00f3n disponible, una buena cantidad de compa\u00f1eros comprometidos con la representaci\u00f3n de ATE en el edificio de la Senaf cito en avenida V\u00e9lez Sarsfield 771.<\/p>\n","protected":false},"excerpt":{"rendered":"<p>Con buena participaci\u00f3n de los trabajadores del sector se llev\u00f3 a cabo la elecci\u00f3n de delegados. Se trata de los compa\u00f1eros Romina Espinosa y Humberto Cabral, que renovaron mandato por los pr\u00f3ximos dos a\u00f1os. Votaron alrededor del 50% del padr\u00f3n disponible, una buena cantidad de compa\u00f1eros comprometidos con la representaci\u00f3n de ATE en el edificio [&hellip;]<\/p>\n","protected":false},"author":1,"featured_media":19220,"comment_status":"open","ping_status":"open","sticky":false,"template":"","format":"standard","meta":{"_exactmetrics_skip_tracking":false,"_exactmetrics_sitenote_active":false,"_exactmetrics_sitenote_note":"","_exactmetrics_sitenote_category":0,"jnews-multi-image_gallery":[],"jnews_single_post":[],"jnews_primary_category":[],"jnews_social_meta":[],"jnews_review":[],"enable_review":"","type":"","name":"","summary":"","brand":"","sku":"","good":[],"bad":[],"score_override":"","override_value":"","rating":[],"price":[],"jnews_override_counter":[],"jnews_post_split":[],"footnotes":""},"categories":[8,97],"tags":[],"class_list":["post-8279","post","type-post","status-publish","format-standard","has-post-thumbnail","hentry","category-provinciales","category-senaf"],"jetpack_featured_media_url":"https:\/\/atecordoba.org\/wp-content\/uploads\/2020\/05\/logo-nuevochico-e1561581322808.png","_links":{"self":[{"href":"https:\/\/atecordoba.org\/index.php?rest_route=\/wp\/v2\/posts\/8279","targetHints":{"allow":["GET"]}}],"collection":[{"href":"https:\/\/atecordoba.org\/index.php?rest_route=\/wp\/v2\/posts"}],"about":[{"href":"https:\/\/atecordoba.org\/index.php?rest_route=\/wp\/v2\/types\/post"}],"author":[{"embeddable":true,"href":"https:\/\/atecordoba.org\/index.php?rest_route=\/wp\/v2\/users\/1"}],"replies":[{"embeddable":true,"href":"https:\/\/atecordoba.org\/index.php?rest_route=%2Fwp%2Fv2%2Fcomments&post=8279"}],"version-history":[{"count":0,"href":"https:\/\/atecordoba.org\/index.php?rest_route=\/wp\/v2\/posts\/8279\/revisions"}],"wp:featuredmedia":[{"embeddable":true,"href":"https:\/\/atecordoba.org\/index.php?rest_route=\/wp\/v2\/media\/19220"}],"wp:attachment":[{"href":"https:\/\/atecordoba.org\/index.php?rest_route=%2Fwp%2Fv2%2Fmedia&parent=8279"}],"wp:term":[{"taxonomy":"category","embeddable":true,"href":"https:\/\/atecordoba.org\/index.php?rest_route=%2Fwp%2Fv2%2Fcategories&post=8279"},{"taxonomy":"post_tag","embeddable":true,"href":"https:\/\/atecordoba.org\/index.php?rest_route=%2Fwp%2Fv2%2Ftags&post=8279"}],"curies":[{"name":"wp","href":"https:\/\/api.w.org\/{rel}","templated":true}]}}