{"id":8272,"date":"2017-03-27T16:54:21","date_gmt":"2017-03-27T19:54:21","guid":{"rendered":"http:\/\/www.atecordoba.org\/?p=8272"},"modified":"2017-03-27T16:54:21","modified_gmt":"2017-03-27T19:54:21","slug":"municipales-de-dean-funes-participaron-masivamente-de-la-eleccion-de-delegados","status":"publish","type":"post","link":"https:\/\/atecordoba.org\/?p=8272","title":{"rendered":"Municipales de Dean Funes participaron masivamente de la elecci\u00f3n de delegados"},"content":{"rendered":"<p><em>Tres delegados resultaron electos despu\u00e9s de un largo proceso persecuci\u00f3n del intendente contra ATE. Patrulleros para amedrentar.<\/em><\/p>\n<figure id=\"attachment_8273\" aria-describedby=\"caption-attachment-8273\" style=\"width: 550px\" class=\"wp-caption aligncenter\"><img loading=\"lazy\" decoding=\"async\" class=\"wp-image-8273 size-full\" src=\"http:\/\/www.atecordoba.org\/wp-content\/uploads\/2017\/03\/WhatsApp-Image-2017-03-27-at-12.07.12-e1490642851356.jpeg\" alt=\"\" width=\"550\" height=\"309\"><figcaption id=\"caption-attachment-8273\" class=\"wp-caption-text\">El equipo de ATE durante la elecci\u00f3n de delegados en Dean Funes.<\/figcaption><\/figure>\n<p>El pasado jueves 23 de marzo, tal como estaba programado, se realiz\u00f3 la elecci\u00f3n de delegados municipales en la localidad de Dean Funes. Se trata de la culminaci\u00f3n de una etapa del proceso de organizaci\u00f3n de los municipales en la ciudad del norte provincial, que dio inicio hace siete meses cuando una camada grande de compa\u00f1eros eligieron a ATE como gremio representativo y comenzaron a afiliarse.<\/p>\n<p>La elecci\u00f3n se llev\u00f3 a cabo a pesar de las trabas, incumplimientos y persecuciones que el intendente de la localidad, Ra\u00fal Figueroa, realiz\u00f3 para evitar que los compa\u00f1eros ejerzan con libertad su derecho a elegir representantes gremiales.<\/p>\n<p>Resultaron electos los compa\u00f1eros David Alberto Heredia, Anal\u00eda Pamela Picco y Carlos Roberto Miranday, que tendr\u00e1n mandato por los pr\u00f3ximos dos a\u00f1os.<\/p>\n<p>Hay que destacar que los delegados resultaron ampliamente respaldados por sus compa\u00f1eros, alcanzando la participaci\u00f3n del sector en un 40% del total del padr\u00f3n, porcentaje muy importante dado el contexto de violencia laboral que rode\u00f3 la elecci\u00f3n.<\/p>\n<p>En la oportunidad, estuvieron presentes dirigentes del Consejo Directivo Provincial como el secretario Adjunto, Luis Barcena, de Interior, Alejandro Murua, junto a los compa\u00f1eros delegados de Quilino y de San Marcos Sierra, as\u00ed como el compa\u00f1ero Luis Mar\u00eda Bornes, integrante de la junta fiscalizadora.<\/p>\n<p><strong>Un intendente descontrolado<\/strong><\/p>\n<p>&nbsp;<\/p>\n<p>Desde que ATE comenz\u00f3 la campa\u00f1a de afiliaci\u00f3n de los municipales de Dean Funes, para masificar la representaci\u00f3n en el sector, se verificaron una serie de manejos para amedrentar a los compa\u00f1eros: la reactivaci\u00f3n de sumarios congelados hace cuatro a\u00f1os y traslados desde su lugar de trabajo a otras dependencias de compa\u00f1eros candidatos a delegados, todas acciones que est\u00e1n prohibidas toda vez que los trabajadores gozan de la cobertura que brinda la tutela sindical.<img loading=\"lazy\" decoding=\"async\" class=\"size-full wp-image-8274 alignright\" src=\"http:\/\/www.atecordoba.org\/wp-content\/uploads\/2017\/03\/WhatsApp-Image-2017-03-27-at-12.07.58-e1490642973102.jpeg\" alt=\"\" width=\"197\" height=\"350\"><\/p>\n<p>Esto lo sufrieron dos de los tres candidatos que se presentaron ayer: Pamela Picco y David Heredia. Como del proceso persecutorio el compa\u00f1ero Heredia sufre actualmente una suspensi\u00f3n de 30 d\u00edas sin goce de haberes.<\/p>\n<p>Adem\u00e1s, Figueroa se niega a retener la cuota sindical de los afiliados que se sumaron a partir de la campa\u00f1a de afiliaci\u00f3n realizada en 2016.<\/p>\n<p>No conforme con estas medidas autoritarias hacia los candidatos, el intendente hizo avisar de manera verbal a los trabajadores que quien fuera a votar delegados ser\u00eda sancionado. Y el d\u00eda de la elecci\u00f3n Figueroa dispuso de varios patrulleros policiales que hicieron presencia frente a donde instalaron las urnas, en plena vereda ya que los funcionarios no permitieron que ATE instale las mesas electorales dentro de cada sector de trabajo.<\/p>\n<p>Esto saca a la luz tambi\u00e9n, que el intendente cuenta con la fuerza policial para imponer el miedo al obrero municipal, desviando el objetivo de toda fuerza de seguridad y apelando a recursos oscuros que tienen p\u00e9simos antecedentes en la historia de C\u00f3rdoba, todo para sostener su ambici\u00f3n de mantener a los compa\u00f1eros sin organizaci\u00f3n sindical que los proteja.<\/p>\n<figure id=\"attachment_8276\" aria-describedby=\"caption-attachment-8276\" style=\"width: 550px\" class=\"wp-caption aligncenter\"><img loading=\"lazy\" decoding=\"async\" class=\"wp-image-8276 size-full\" src=\"http:\/\/www.atecordoba.org\/wp-content\/uploads\/2017\/03\/figueroa-intendente-interino-e1490645256228.jpg\" alt=\"\" width=\"550\" height=\"350\"><figcaption id=\"caption-attachment-8276\" class=\"wp-caption-text\">El intendente de Dean Funes, que se maneja con la polic\u00eda provincial para amedrentar a los municipales.<\/figcaption><\/figure>\n<p>La situaci\u00f3n contraviene la Constituci\u00f3n Nacional, los tratados internacionales suscritos por Argentina en t\u00e9rminos de libertad y democracia sindical, as\u00ed como los fallos judiciales que avalan el \u00e1mbito de representaci\u00f3n de ATE entre los municipales de la provincia de C\u00f3rdoba.<\/p>\n<p>Este cuadro tambi\u00e9n pone en tela de juicio el accionar del comisario que dispone de los m\u00f3viles para amedrentar a los compa\u00f1eros en vez de cumplir la funci\u00f3n que tiene la polic\u00eda, para lo cual todos los trabajadores pagamos nuestros impuestos.<\/p>\n","protected":false},"excerpt":{"rendered":"<p>Tres delegados resultaron electos despu\u00e9s de un largo proceso persecuci\u00f3n del intendente contra ATE. Patrulleros para amedrentar. El pasado jueves 23 de marzo, tal como estaba programado, se realiz\u00f3 la elecci\u00f3n de delegados municipales en la localidad de Dean Funes. Se trata de la culminaci\u00f3n de una etapa del proceso de organizaci\u00f3n de los municipales [&hellip;]<\/p>\n","protected":false},"author":1,"featured_media":19220,"comment_status":"open","ping_status":"open","sticky":false,"template":"","format":"standard","meta":{"_exactmetrics_skip_tracking":false,"_exactmetrics_sitenote_active":false,"_exactmetrics_sitenote_note":"","_exactmetrics_sitenote_category":0,"jnews-multi-image_gallery":[],"jnews_single_post":[],"jnews_primary_category":[],"jnews_social_meta":[],"jnews_review":[],"enable_review":"","type":"","name":"","summary":"","brand":"","sku":"","good":[],"bad":[],"score_override":"","override_value":"","rating":[],"price":[],"jnews_override_counter":[],"jnews_post_split":[],"footnotes":""},"categories":[20],"tags":[],"class_list":["post-8272","post","type-post","status-publish","format-standard","has-post-thumbnail","hentry","category-municipales"],"jetpack_featured_media_url":"https:\/\/atecordoba.org\/wp-content\/uploads\/2020\/05\/logo-nuevochico-e1561581322808.png","_links":{"self":[{"href":"https:\/\/atecordoba.org\/index.php?rest_route=\/wp\/v2\/posts\/8272","targetHints":{"allow":["GET"]}}],"collection":[{"href":"https:\/\/atecordoba.org\/index.php?rest_route=\/wp\/v2\/posts"}],"about":[{"href":"https:\/\/atecordoba.org\/index.php?rest_route=\/wp\/v2\/types\/post"}],"author":[{"embeddable":true,"href":"https:\/\/atecordoba.org\/index.php?rest_route=\/wp\/v2\/users\/1"}],"replies":[{"embeddable":true,"href":"https:\/\/atecordoba.org\/index.php?rest_route=%2Fwp%2Fv2%2Fcomments&post=8272"}],"version-history":[{"count":0,"href":"https:\/\/atecordoba.org\/index.php?rest_route=\/wp\/v2\/posts\/8272\/revisions"}],"wp:featuredmedia":[{"embeddable":true,"href":"https:\/\/atecordoba.org\/index.php?rest_route=\/wp\/v2\/media\/19220"}],"wp:attachment":[{"href":"https:\/\/atecordoba.org\/index.php?rest_route=%2Fwp%2Fv2%2Fmedia&parent=8272"}],"wp:term":[{"taxonomy":"category","embeddable":true,"href":"https:\/\/atecordoba.org\/index.php?rest_route=%2Fwp%2Fv2%2Fcategories&post=8272"},{"taxonomy":"post_tag","embeddable":true,"href":"https:\/\/atecordoba.org\/index.php?rest_route=%2Fwp%2Fv2%2Ftags&post=8272"}],"curies":[{"name":"wp","href":"https:\/\/api.w.org\/{rel}","templated":true}]}}