{"id":8267,"date":"2017-03-23T16:34:30","date_gmt":"2017-03-23T19:34:30","guid":{"rendered":"http:\/\/www.atecordoba.org\/?p=8267"},"modified":"2017-03-23T16:34:30","modified_gmt":"2017-03-23T19:34:30","slug":"24-de-marzo-por-la-memoria-y-el-presente","status":"publish","type":"post","link":"https:\/\/atecordoba.org\/?p=8267","title":{"rendered":"24 de marzo, por la memoria y el presente"},"content":{"rendered":"<p><em>Al cumplirse ma\u00f1ana 41 a\u00f1os del \u00faltimo golpe de Estado c\u00edvico-militar, el Consejo Directivo Provincial de ATE C\u00f3rdoba convoca a los trabajadores estatales nacionales, provinciales y municipales a participar de la movilizaci\u00f3n que se llevar\u00e1 a cabo por las calles de C\u00f3rdoba. Nos concentramos desde las 17 en Ca\u00f1ada y 9 de julio.<\/em><\/p>\n<p><img loading=\"lazy\" decoding=\"async\" class=\"aligncenter size-full wp-image-8269\" src=\"http:\/\/www.atecordoba.org\/wp-content\/uploads\/2017\/03\/30-mil-2.jpg\" alt=\"\" width=\"478\" height=\"540\"><\/p>\n<p>Desde ATE entendemos que en este 2017 es particularmente importante estar presentes de manera colectiva y dar respuesta a un gobierno nacional que no asume la trascendencia de hecho que marc\u00f3 a la sociedad en su conjunto en estas cuatro d\u00e9cadas.<\/p>\n<p><span>Calificaciones como \u2018guerra sucia\u2019, que realiz\u00f3 el presidente Mauricio Macri el a\u00f1o pasado en referencia al genocidio, son muestras claras del momento que atravesamos. Esa visi\u00f3n quiz\u00e1s explique los puntos en com\u00fan que la pol\u00edtica econ\u00f3mica actual tiene con la aplicada bajo el imperio del terror dictatorial.<\/span><\/p>\n<p><span>No sostenemos el anacronismo de afirmar que \u2018son lo mismo\u2019. Pero estamos convencidos que con el pueblo en la calle le ser\u00e1 m\u00e1s dif\u00edcil al poder de turno rememorar a\u00f1os de destrucci\u00f3n de la industria, ca\u00edda abrupta del salario y timba financiera, enfermedades end\u00e9micas del neoliberalismo criollo que hoy gobierna.<\/span><\/p>\n<p><span>Por eso, ma\u00f1ana los trabajadores vamos a estar en la calle recordando y reivindicando a nuestros m\u00e1rtires, a la militancia pol\u00edtica, social y especialmente gremial, donde recay\u00f3 el peso de la represi\u00f3n, con el objetivo de socavar la capacidad de las organizaciones sindicales para defender el inter\u00e9s de cada compa\u00f1ero y de la naci\u00f3n en su conjunto.<\/span><\/p>\n<p><span>Hoy, cuando vemos c\u00f3mo se ataca a los dirigentes sindicales, sabemos que estamos en la vereda de enfrente de aquellos que ven en el pueblo organizado un peligro, en vez de una esperanza.<\/span><\/p>\n<p><span>Rechazamos las pol\u00edticas de ajuste, el crecimiento de la pobreza, el abandono de los m\u00e1s humildes, la concentraci\u00f3n de la riqueza y el endeudamiento descontrolado, que deberemos enfrentar en alg\u00fan momento no tan lejano. Como ya nos toc\u00f3 sufrir en \u00e9pocas recientes.<\/span><\/p>\n<p><span>Con la memoria como patrimonio de todo el pueblo en su conjunto, sin bander\u00edas partidarias, pero reafirmados en nuestra identidad, ma\u00f1ana estaremos en la calle gritando \u00a1Nunca m\u00e1s! \u00a130 mil compa\u00f1eros desaparecidos presentes! \u00a1Ahora y siempre!<\/span><\/p>\n<p style=\"text-align: right;\"><span>Mar\u00eda Liliana Salerno&nbsp;<\/span><\/p>\n<p style=\"text-align: right;\"><span>Secretaria General<\/span><\/p>\n","protected":false},"excerpt":{"rendered":"<p>Al cumplirse ma\u00f1ana 41 a\u00f1os del \u00faltimo golpe de Estado c\u00edvico-militar, el Consejo Directivo Provincial de ATE C\u00f3rdoba convoca a los trabajadores estatales nacionales, provinciales y municipales a participar de la movilizaci\u00f3n que se llevar\u00e1 a cabo por las calles de C\u00f3rdoba. Nos concentramos desde las 17 en Ca\u00f1ada y 9 de julio. Desde ATE [&hellip;]<\/p>\n","protected":false},"author":1,"featured_media":19220,"comment_status":"open","ping_status":"open","sticky":false,"template":"","format":"standard","meta":{"_exactmetrics_skip_tracking":false,"_exactmetrics_sitenote_active":false,"_exactmetrics_sitenote_note":"","_exactmetrics_sitenote_category":0,"jnews-multi-image_gallery":[],"jnews_single_post":[],"jnews_primary_category":[],"jnews_social_meta":[],"jnews_review":[],"enable_review":"","type":"","name":"","summary":"","brand":"","sku":"","good":[],"bad":[],"score_override":"","override_value":"","rating":[],"price":[],"jnews_override_counter":[],"jnews_post_split":[],"footnotes":""},"categories":[10,122],"tags":[],"class_list":["post-8267","post","type-post","status-publish","format-standard","has-post-thumbnail","hentry","category-accion-politica","category-ddhh"],"jetpack_featured_media_url":"https:\/\/atecordoba.org\/wp-content\/uploads\/2020\/05\/logo-nuevochico-e1561581322808.png","_links":{"self":[{"href":"https:\/\/atecordoba.org\/index.php?rest_route=\/wp\/v2\/posts\/8267","targetHints":{"allow":["GET"]}}],"collection":[{"href":"https:\/\/atecordoba.org\/index.php?rest_route=\/wp\/v2\/posts"}],"about":[{"href":"https:\/\/atecordoba.org\/index.php?rest_route=\/wp\/v2\/types\/post"}],"author":[{"embeddable":true,"href":"https:\/\/atecordoba.org\/index.php?rest_route=\/wp\/v2\/users\/1"}],"replies":[{"embeddable":true,"href":"https:\/\/atecordoba.org\/index.php?rest_route=%2Fwp%2Fv2%2Fcomments&post=8267"}],"version-history":[{"count":0,"href":"https:\/\/atecordoba.org\/index.php?rest_route=\/wp\/v2\/posts\/8267\/revisions"}],"wp:featuredmedia":[{"embeddable":true,"href":"https:\/\/atecordoba.org\/index.php?rest_route=\/wp\/v2\/media\/19220"}],"wp:attachment":[{"href":"https:\/\/atecordoba.org\/index.php?rest_route=%2Fwp%2Fv2%2Fmedia&parent=8267"}],"wp:term":[{"taxonomy":"category","embeddable":true,"href":"https:\/\/atecordoba.org\/index.php?rest_route=%2Fwp%2Fv2%2Fcategories&post=8267"},{"taxonomy":"post_tag","embeddable":true,"href":"https:\/\/atecordoba.org\/index.php?rest_route=%2Fwp%2Fv2%2Ftags&post=8267"}],"curies":[{"name":"wp","href":"https:\/\/api.w.org\/{rel}","templated":true}]}}