{"id":8262,"date":"2017-03-23T13:04:04","date_gmt":"2017-03-23T16:04:04","guid":{"rendered":"http:\/\/www.atecordoba.org\/?p=8262"},"modified":"2017-03-23T13:04:04","modified_gmt":"2017-03-23T16:04:04","slug":"asamblea-en-el-hospital-rawson-ratifico-el-plan-de-lucha","status":"publish","type":"post","link":"https:\/\/atecordoba.org\/?p=8262","title":{"rendered":"Asamblea en el Hospital Rawson ratific\u00f3 el plan de lucha"},"content":{"rendered":"<p><em>Una importante cantidad de trabajadores del centro de salud rechaz\u00f3 la pauta salarial del gobierno de C\u00f3rdoba.<\/em><\/p>\n<p><img loading=\"lazy\" decoding=\"async\" class=\"aligncenter size-full wp-image-8263\" src=\"http:\/\/www.atecordoba.org\/wp-content\/uploads\/2017\/03\/asamblea-e1490284941654.jpeg\" alt=\"\" width=\"550\" height=\"310\"><\/p>\n<p>En el marco de la jornada de protesta realizada por ATE ayer, la asamblea de trabajadores del Hospital Rawson debati\u00f3 la problem\u00e1tica de la pauta salarial anunciada por el gobierno provincial. De manera un\u00e1nime se rechaz\u00f3 la misma por insuficiente y se resolvi\u00f3 proseguir con las actividades de protesta del plan de lucha.<\/p>\n<p><img loading=\"lazy\" decoding=\"async\" class=\"aligncenter size-full wp-image-8264\" src=\"http:\/\/www.atecordoba.org\/wp-content\/uploads\/2017\/03\/plantel-e1490284970832.jpeg\" alt=\"\" width=\"550\" height=\"310\"><\/p>\n<p>Los compa\u00f1eros aprobaron la moci\u00f3n de participar de la movilizaci\u00f3n del 24 de marzo conforme lo resuelto por el CDP, en tanto para el 30 de marzo, se vot\u00f3 llevar a cabo una jornada de protesta provincial con todos los trabajadores que rechazan el ajuste que pretende imponer la administraci\u00f3n de Juan Schiaretti.<\/p>\n<p><img loading=\"lazy\" decoding=\"async\" class=\"aligncenter size-full wp-image-8265\" src=\"http:\/\/www.atecordoba.org\/wp-content\/uploads\/2017\/03\/bombo-e1490284993134.jpeg\" alt=\"\" width=\"225\" height=\"400\"><\/p>\n<p>Instantes despu\u00e9s de finalizada la reuni\u00f3n, el secretario de Prensa de ATE C\u00f3rdoba, Daniel Pawluchuzk, afirm\u00f3 que \u201ccomo balance de la asamblea, los compa\u00f1eros remarcaron el alejamiento salarial que se produjo los \u00faltimos a\u00f1os entre los trabajadores comprendidos bajo el r\u00e9gimen de la ley 7233 (actualizada ahora como 9361) y los que revisten cargos en la 7625, ampli\u00e1ndose esa brecha como una estrategia del gobierno para seguir dividiendo a los trabajadores que conviven desarrollando sus tareas habituales en un mismo hospital\u201d.<\/p>\n","protected":false},"excerpt":{"rendered":"<p>Una importante cantidad de trabajadores del centro de salud rechaz\u00f3 la pauta salarial del gobierno de C\u00f3rdoba. En el marco de la jornada de protesta realizada por ATE ayer, la asamblea de trabajadores del Hospital Rawson debati\u00f3 la problem\u00e1tica de la pauta salarial anunciada por el gobierno provincial. De manera un\u00e1nime se rechaz\u00f3 la misma [&hellip;]<\/p>\n","protected":false},"author":1,"featured_media":19220,"comment_status":"open","ping_status":"open","sticky":false,"template":"","format":"standard","meta":{"_exactmetrics_skip_tracking":false,"_exactmetrics_sitenote_active":false,"_exactmetrics_sitenote_note":"","_exactmetrics_sitenote_category":0,"jnews-multi-image_gallery":[],"jnews_single_post":[],"jnews_primary_category":[],"jnews_social_meta":[],"jnews_review":[],"enable_review":"","type":"","name":"","summary":"","brand":"","sku":"","good":[],"bad":[],"score_override":"","override_value":"","rating":[],"price":[],"jnews_override_counter":[],"jnews_post_split":[],"footnotes":""},"categories":[7,8],"tags":[],"class_list":["post-8262","post","type-post","status-publish","format-standard","has-post-thumbnail","hentry","category-hospitales","category-provinciales"],"jetpack_featured_media_url":"https:\/\/atecordoba.org\/wp-content\/uploads\/2020\/05\/logo-nuevochico-e1561581322808.png","_links":{"self":[{"href":"https:\/\/atecordoba.org\/index.php?rest_route=\/wp\/v2\/posts\/8262","targetHints":{"allow":["GET"]}}],"collection":[{"href":"https:\/\/atecordoba.org\/index.php?rest_route=\/wp\/v2\/posts"}],"about":[{"href":"https:\/\/atecordoba.org\/index.php?rest_route=\/wp\/v2\/types\/post"}],"author":[{"embeddable":true,"href":"https:\/\/atecordoba.org\/index.php?rest_route=\/wp\/v2\/users\/1"}],"replies":[{"embeddable":true,"href":"https:\/\/atecordoba.org\/index.php?rest_route=%2Fwp%2Fv2%2Fcomments&post=8262"}],"version-history":[{"count":0,"href":"https:\/\/atecordoba.org\/index.php?rest_route=\/wp\/v2\/posts\/8262\/revisions"}],"wp:featuredmedia":[{"embeddable":true,"href":"https:\/\/atecordoba.org\/index.php?rest_route=\/wp\/v2\/media\/19220"}],"wp:attachment":[{"href":"https:\/\/atecordoba.org\/index.php?rest_route=%2Fwp%2Fv2%2Fmedia&parent=8262"}],"wp:term":[{"taxonomy":"category","embeddable":true,"href":"https:\/\/atecordoba.org\/index.php?rest_route=%2Fwp%2Fv2%2Fcategories&post=8262"},{"taxonomy":"post_tag","embeddable":true,"href":"https:\/\/atecordoba.org\/index.php?rest_route=%2Fwp%2Fv2%2Ftags&post=8262"}],"curies":[{"name":"wp","href":"https:\/\/api.w.org\/{rel}","templated":true}]}}