{"id":8252,"date":"2017-03-22T16:15:04","date_gmt":"2017-03-22T19:15:04","guid":{"rendered":"http:\/\/www.atecordoba.org\/?p=8252"},"modified":"2017-03-22T16:15:04","modified_gmt":"2017-03-22T19:15:04","slug":"taller-de-formacion-para-trabajadores-en-higiene-y-seguridad-en-el-trabajo","status":"publish","type":"post","link":"https:\/\/atecordoba.org\/?p=8252","title":{"rendered":"Taller de formaci\u00f3n para trabajadores en higiene y seguridad en el trabajo."},"content":{"rendered":"<p><em>Se realizar\u00e1 el pr\u00f3ximo viernes 31 de marzo en la sede del CDP y estar\u00e1 a cargo de los reconocidos especialistas Viviana Cifarelli y Oscar Mart\u00ednez.<\/em><\/p>\n<p><img loading=\"lazy\" decoding=\"async\" class=\"aligncenter size-full wp-image-8254\" src=\"http:\/\/www.atecordoba.org\/wp-content\/uploads\/2017\/03\/Flyer_taller_seguridad_e_higiene-e1490210067501.jpg\" alt=\"\" width=\"389\" height=\"550\"><\/p>\n<p>El taller est\u00e1 dividido en dos m\u00f3dulos diferenciados que se realizar\u00e1n, el primero de 10 a 13 horas, y el segundo de 14 a 17. En la ocasi\u00f3n se abordar\u00e1n tem\u00e1ticas como las transformaciones&nbsp;en el mundo del trabajo, estrategias patronales y su impacto en la salud laboral, la relaci\u00f3n entre el proceso de trabajo y el proceso de salud y enfermedad, la identificaci\u00f3n de los riesgos de trabajo, los accidentes de trabajo -su an\u00e1lisis y prevenci\u00f3n-, y la intervenci\u00f3n gremial en la salud.<\/p>\n<p>La actividad est\u00e1 organizada por la Secretaria de Formaci\u00f3n del Consejo Directivo Provincial y la participaci\u00f3n es libre y gratuita, se entregar\u00e1n certificados. Para mayores informes comunicarse escribiendo a josema.gorozo@gmail.com<\/p>\n<p>&nbsp;<\/p>\n","protected":false},"excerpt":{"rendered":"<p>Se realizar\u00e1 el pr\u00f3ximo viernes 31 de marzo en la sede del CDP y estar\u00e1 a cargo de los reconocidos especialistas Viviana Cifarelli y Oscar Mart\u00ednez. El taller est\u00e1 dividido en dos m\u00f3dulos diferenciados que se realizar\u00e1n, el primero de 10 a 13 horas, y el segundo de 14 a 17. En la ocasi\u00f3n se [&hellip;]<\/p>\n","protected":false},"author":1,"featured_media":19220,"comment_status":"open","ping_status":"open","sticky":false,"template":"","format":"standard","meta":{"_exactmetrics_skip_tracking":false,"_exactmetrics_sitenote_active":false,"_exactmetrics_sitenote_note":"","_exactmetrics_sitenote_category":0,"jnews-multi-image_gallery":[],"jnews_single_post":[],"jnews_primary_category":[],"jnews_social_meta":[],"jnews_review":[],"enable_review":"","type":"","name":"","summary":"","brand":"","sku":"","good":[],"bad":[],"score_override":"","override_value":"","rating":[],"price":[],"jnews_override_counter":[],"jnews_post_split":[],"footnotes":""},"categories":[88],"tags":[],"class_list":["post-8252","post","type-post","status-publish","format-standard","has-post-thumbnail","hentry","category-formacion"],"jetpack_featured_media_url":"https:\/\/atecordoba.org\/wp-content\/uploads\/2020\/05\/logo-nuevochico-e1561581322808.png","_links":{"self":[{"href":"https:\/\/atecordoba.org\/index.php?rest_route=\/wp\/v2\/posts\/8252","targetHints":{"allow":["GET"]}}],"collection":[{"href":"https:\/\/atecordoba.org\/index.php?rest_route=\/wp\/v2\/posts"}],"about":[{"href":"https:\/\/atecordoba.org\/index.php?rest_route=\/wp\/v2\/types\/post"}],"author":[{"embeddable":true,"href":"https:\/\/atecordoba.org\/index.php?rest_route=\/wp\/v2\/users\/1"}],"replies":[{"embeddable":true,"href":"https:\/\/atecordoba.org\/index.php?rest_route=%2Fwp%2Fv2%2Fcomments&post=8252"}],"version-history":[{"count":0,"href":"https:\/\/atecordoba.org\/index.php?rest_route=\/wp\/v2\/posts\/8252\/revisions"}],"wp:featuredmedia":[{"embeddable":true,"href":"https:\/\/atecordoba.org\/index.php?rest_route=\/wp\/v2\/media\/19220"}],"wp:attachment":[{"href":"https:\/\/atecordoba.org\/index.php?rest_route=%2Fwp%2Fv2%2Fmedia&parent=8252"}],"wp:term":[{"taxonomy":"category","embeddable":true,"href":"https:\/\/atecordoba.org\/index.php?rest_route=%2Fwp%2Fv2%2Fcategories&post=8252"},{"taxonomy":"post_tag","embeddable":true,"href":"https:\/\/atecordoba.org\/index.php?rest_route=%2Fwp%2Fv2%2Ftags&post=8252"}],"curies":[{"name":"wp","href":"https:\/\/api.w.org\/{rel}","templated":true}]}}