{"id":8249,"date":"2017-03-22T15:48:44","date_gmt":"2017-03-22T18:48:44","guid":{"rendered":"http:\/\/www.atecordoba.org\/?p=8249"},"modified":"2017-03-22T15:48:44","modified_gmt":"2017-03-22T18:48:44","slug":"reclamo-de-ate-en-dean-funes","status":"publish","type":"post","link":"https:\/\/atecordoba.org\/?p=8249","title":{"rendered":"Reclamo de ATE en De\u00e1n Funes"},"content":{"rendered":"<p><em>Durante una sesi\u00f3n del Concejo Deliberante que se llev\u00f3 a cabo ayer, ATE reclam\u00f3 el reconocimiento gremial en funci\u00f3n de la representaci\u00f3n que ostenta en el municipio. Tambi\u00e9n plante\u00f3 la necesidad de una recomposici\u00f3n salarial por la inflaci\u00f3n del 2016.<\/em><\/p>\n<figure id=\"attachment_8250\" aria-describedby=\"caption-attachment-8250\" style=\"width: 550px\" class=\"wp-caption aligncenter\"><img loading=\"lazy\" decoding=\"async\" class=\"wp-image-8250 size-full\" src=\"http:\/\/www.atecordoba.org\/wp-content\/uploads\/2017\/03\/WhatsApp-Image-2017-03-22-at-13.00.54-e1490207604705.jpeg\" alt=\"\" width=\"550\" height=\"309\"><figcaption id=\"caption-attachment-8250\" class=\"wp-caption-text\">Dirigente de ATE y afiliados en el ingreso del Concejo Deliberante<\/figcaption><\/figure>\n<p>Durante el desarrollo de la sesi\u00f3n del cuerpo de concejales, el secretario Adjunto del Consejo Directivo Provincial, Luis Barcena, y el secretario de Interior, Alejandro Murua, presentaron la resoluci\u00f3n del Ministerio de Trabajo de la Naci\u00f3n que confirma el \u00e1mbito de representaci\u00f3n de ATE en el orden municipal en la provincia de C\u00f3rdoba.&nbsp;<\/p>\n<p>En el mismo acto, se entreg\u00f3 tambi\u00e9n la sentencia de la C\u00e1mara Nacional del Trabajo que zanj\u00f3 la controversia con el gobierno provincial y aclar\u00f3 la representaci\u00f3n de ATE en todo el \u00e1mbito del Estado en su distintos niveles: nacional, provincial y municipal.<\/p>\n<p>Todo es consecuencia a que el intendente de la localidad, Juan Pablo Figueroa, se niega a reconocer a ATE como entidad representativa de los trabajadores municipales a pesar de que nuestro gremio cuenta con una larga historia de actuaci\u00f3n gremial en la localidad.<\/p>\n<p>Por otro lado, y aprovechando que en la oportunidad &nbsp;se trataba la pauta salarial para el corriente a\u00f1o, ATE present\u00f3 un proyecto para realizar una recomposici\u00f3n salarial para compensar la p\u00e9rdida de poder adquisitivo producida el a\u00f1o pasado.<\/p>\n<p>El proyecto se fundamenta en que la pauta salarial del municipio en 2016 fue del 20% en tanto que la inflaci\u00f3n super\u00f3 el 40%. Para el 2017 ATE reclam\u00f3 un 25% de pauta salarial y Figueroa ofreci\u00f3 un 23% que finalmente fue aprobado en el Concejo Deliberante.<\/p>\n<p>En otro orden, ma\u00f1ana se llevar\u00e1 a cabo al elecci\u00f3n de delegados municipales, los candidatos son Carlos Roberto Miranday, David Heredia y Anal\u00eda Pic\u00f3, y el padr\u00f3n de trabajadores est\u00e1 compuesto por alrededor de 500 compa\u00f1eros.&nbsp;<\/p>\n","protected":false},"excerpt":{"rendered":"<p>Durante una sesi\u00f3n del Concejo Deliberante que se llev\u00f3 a cabo ayer, ATE reclam\u00f3 el reconocimiento gremial en funci\u00f3n de la representaci\u00f3n que ostenta en el municipio. Tambi\u00e9n plante\u00f3 la necesidad de una recomposici\u00f3n salarial por la inflaci\u00f3n del 2016. Durante el desarrollo de la sesi\u00f3n del cuerpo de concejales, el secretario Adjunto del Consejo [&hellip;]<\/p>\n","protected":false},"author":1,"featured_media":19220,"comment_status":"open","ping_status":"open","sticky":false,"template":"","format":"standard","meta":{"_exactmetrics_skip_tracking":false,"_exactmetrics_sitenote_active":false,"_exactmetrics_sitenote_note":"","_exactmetrics_sitenote_category":0,"jnews-multi-image_gallery":[],"jnews_single_post":[],"jnews_primary_category":[],"jnews_social_meta":[],"jnews_review":[],"enable_review":"","type":"","name":"","summary":"","brand":"","sku":"","good":[],"bad":[],"score_override":"","override_value":"","rating":[],"price":[],"jnews_override_counter":[],"jnews_post_split":[],"footnotes":""},"categories":[20],"tags":[],"class_list":["post-8249","post","type-post","status-publish","format-standard","has-post-thumbnail","hentry","category-municipales"],"jetpack_featured_media_url":"https:\/\/atecordoba.org\/wp-content\/uploads\/2020\/05\/logo-nuevochico-e1561581322808.png","_links":{"self":[{"href":"https:\/\/atecordoba.org\/index.php?rest_route=\/wp\/v2\/posts\/8249","targetHints":{"allow":["GET"]}}],"collection":[{"href":"https:\/\/atecordoba.org\/index.php?rest_route=\/wp\/v2\/posts"}],"about":[{"href":"https:\/\/atecordoba.org\/index.php?rest_route=\/wp\/v2\/types\/post"}],"author":[{"embeddable":true,"href":"https:\/\/atecordoba.org\/index.php?rest_route=\/wp\/v2\/users\/1"}],"replies":[{"embeddable":true,"href":"https:\/\/atecordoba.org\/index.php?rest_route=%2Fwp%2Fv2%2Fcomments&post=8249"}],"version-history":[{"count":0,"href":"https:\/\/atecordoba.org\/index.php?rest_route=\/wp\/v2\/posts\/8249\/revisions"}],"wp:featuredmedia":[{"embeddable":true,"href":"https:\/\/atecordoba.org\/index.php?rest_route=\/wp\/v2\/media\/19220"}],"wp:attachment":[{"href":"https:\/\/atecordoba.org\/index.php?rest_route=%2Fwp%2Fv2%2Fmedia&parent=8249"}],"wp:term":[{"taxonomy":"category","embeddable":true,"href":"https:\/\/atecordoba.org\/index.php?rest_route=%2Fwp%2Fv2%2Fcategories&post=8249"},{"taxonomy":"post_tag","embeddable":true,"href":"https:\/\/atecordoba.org\/index.php?rest_route=%2Fwp%2Fv2%2Ftags&post=8249"}],"curies":[{"name":"wp","href":"https:\/\/api.w.org\/{rel}","templated":true}]}}