{"id":8245,"date":"2017-03-22T15:05:30","date_gmt":"2017-03-22T18:05:30","guid":{"rendered":"http:\/\/www.atecordoba.org\/?p=8245"},"modified":"2020-06-09T15:38:57","modified_gmt":"2020-06-09T18:38:57","slug":"gran-concurrencia-en-la-actividad-de-genero-que-realizo-ate-cruz-del-eje","status":"publish","type":"post","link":"https:\/\/atecordoba.org\/?p=8245","title":{"rendered":"Gran concurrencia en la actividad de g\u00e9nero que realiz\u00f3 ATE Cruz del Eje"},"content":{"rendered":"<p><em>En festejo por el D\u00eda de la Mujer, la delegaci\u00f3n llev\u00f3 a cabo el viernes pasado un acto de reconocimiento a compa\u00f1eras de la localidad.&nbsp;<\/em><\/p>\n<p><img loading=\"lazy\" decoding=\"async\" class=\"aligncenter size-full wp-image-8246\" src=\"http:\/\/atecordoba.org\/wp-content\/uploads\/2020\/06\/WhatsApp-Image-2017-03-20-at-16.28.50-e1490205789749.jpg\" alt=\"\" width=\"550\" height=\"309\"><\/p>\n<p>El pasado viernes 17 se llevo a cabo un encuentro para festejar el D\u00eda de la Mujer en la delegaci\u00f3n Cruz del Eje de ATE.&nbsp;En la oportunidad se reconoci\u00f3 a varias mujeres por su trayectoria en la localidad tanto en lo humano como lo social: una compa\u00f1era madre de 12 hijos, una locutora radial, una v\u00edctima de violencia de g\u00e9nero y la mama de un joven discapacitado, cuyo hijo relat\u00f3 el proceso de atenci\u00f3n en el seno familiar.&nbsp;<\/p>\n<p><img loading=\"lazy\" decoding=\"async\" class=\"aligncenter size-full wp-image-8247\" src=\"http:\/\/atecordoba.org\/wp-content\/uploads\/2020\/06\/WhatsApp-Image-2017-03-20-at-16.28.50-1-e1490205894221.jpg\" alt=\"\" width=\"550\" height=\"309\"><\/p>\n<p>Durante el acto, la delegada de los municipales Gilda Campos hizo un encendido reclamo donde exigi\u00f3 que el ejecutivo municipal efectivice el c\u00f3digo gremial que actualmente el intendente Claudio Far\u00edas se niega a retener. La dirigente sostuvo que con esa actuaci\u00f3n el intendente ejercer violencia contra la mujer, al negar la representaci\u00f3n gremial que eligieron las trabajadores municipales, que son mayor\u00eda en el padr\u00f3n de afiliados de ese sector en la delegaci\u00f3n de ATE y son tambi\u00e9n la mayor parte del plantel de trabajadores de la municipalidad.<\/p>\n<p>Posteriormente se entregaron presentes a las compa\u00f1eras que recibieron el reconocimiento, en representaci\u00f3n de todas las mujeres en su d\u00eda, y finalmente se realiz\u00f3 un \u00e1gape.<\/p>\n<p>Estuvieron presentes el secretario Adjunto del CDP, Luis Barcena, y el secretario de Interior, Alejandro Murua.<\/p>\n<p>&nbsp;<\/p>\n<p>&nbsp;<\/p>\n","protected":false},"excerpt":{"rendered":"<p>En festejo por el D\u00eda de la Mujer, la delegaci\u00f3n llev\u00f3 a cabo el viernes pasado un acto de reconocimiento a compa\u00f1eras de la localidad.&nbsp; El pasado viernes 17 se llevo a cabo un encuentro para festejar el D\u00eda de la Mujer en la delegaci\u00f3n Cruz del Eje de ATE.&nbsp;En la oportunidad se reconoci\u00f3 a [&hellip;]<\/p>\n","protected":false},"author":1,"featured_media":19220,"comment_status":"open","ping_status":"open","sticky":false,"template":"","format":"standard","meta":{"_exactmetrics_skip_tracking":false,"_exactmetrics_sitenote_active":false,"_exactmetrics_sitenote_note":"","_exactmetrics_sitenote_category":0,"jnews-multi-image_gallery":[],"jnews_single_post":[],"jnews_primary_category":[],"jnews_social_meta":[],"jnews_review":[],"enable_review":"","type":"","name":"","summary":"","brand":"","sku":"","good":[],"bad":[],"score_override":"","override_value":"","rating":[],"price":[],"jnews_override_counter":[],"jnews_post_split":[],"footnotes":""},"categories":[325,20],"tags":[],"class_list":["post-8245","post","type-post","status-publish","format-standard","has-post-thumbnail","hentry","category-generos-y-diversidades","category-municipales"],"jetpack_featured_media_url":"https:\/\/atecordoba.org\/wp-content\/uploads\/2020\/05\/logo-nuevochico-e1561581322808.png","_links":{"self":[{"href":"https:\/\/atecordoba.org\/index.php?rest_route=\/wp\/v2\/posts\/8245","targetHints":{"allow":["GET"]}}],"collection":[{"href":"https:\/\/atecordoba.org\/index.php?rest_route=\/wp\/v2\/posts"}],"about":[{"href":"https:\/\/atecordoba.org\/index.php?rest_route=\/wp\/v2\/types\/post"}],"author":[{"embeddable":true,"href":"https:\/\/atecordoba.org\/index.php?rest_route=\/wp\/v2\/users\/1"}],"replies":[{"embeddable":true,"href":"https:\/\/atecordoba.org\/index.php?rest_route=%2Fwp%2Fv2%2Fcomments&post=8245"}],"version-history":[{"count":1,"href":"https:\/\/atecordoba.org\/index.php?rest_route=\/wp\/v2\/posts\/8245\/revisions"}],"predecessor-version":[{"id":19977,"href":"https:\/\/atecordoba.org\/index.php?rest_route=\/wp\/v2\/posts\/8245\/revisions\/19977"}],"wp:featuredmedia":[{"embeddable":true,"href":"https:\/\/atecordoba.org\/index.php?rest_route=\/wp\/v2\/media\/19220"}],"wp:attachment":[{"href":"https:\/\/atecordoba.org\/index.php?rest_route=%2Fwp%2Fv2%2Fmedia&parent=8245"}],"wp:term":[{"taxonomy":"category","embeddable":true,"href":"https:\/\/atecordoba.org\/index.php?rest_route=%2Fwp%2Fv2%2Fcategories&post=8245"},{"taxonomy":"post_tag","embeddable":true,"href":"https:\/\/atecordoba.org\/index.php?rest_route=%2Fwp%2Fv2%2Ftags&post=8245"}],"curies":[{"name":"wp","href":"https:\/\/api.w.org\/{rel}","templated":true}]}}