{"id":8240,"date":"2017-03-22T14:47:53","date_gmt":"2017-03-22T17:47:53","guid":{"rendered":"http:\/\/www.atecordoba.org\/?p=8240"},"modified":"2017-03-22T14:47:53","modified_gmt":"2017-03-22T17:47:53","slug":"ate-acordo-con-defensa-un-remunerativo-salarial-para-los-docentes-de-las-ff-aa","status":"publish","type":"post","link":"https:\/\/atecordoba.org\/?p=8240","title":{"rendered":"ATE acord\u00f3 con Defensa un remunerativo salarial para los docentes de las FF.AA."},"content":{"rendered":"<p><em>En unidad con otros gremios del sector se acord\u00f3 ayer aplicar a los docentes de las Fuerzas Armadas el decreto 1453\/05 de manera universal en el sector.<\/em><\/p>\n<figure id=\"attachment_8241\" aria-describedby=\"caption-attachment-8241\" style=\"width: 550px\" class=\"wp-caption aligncenter\"><img loading=\"lazy\" decoding=\"async\" class=\"wp-image-8241 size-full\" src=\"http:\/\/www.atecordoba.org\/wp-content\/uploads\/2017\/03\/charra-e1490204572353.jpeg\" alt=\"\" width=\"550\" height=\"413\"><figcaption id=\"caption-attachment-8241\" class=\"wp-caption-text\">Funcionarios del Ministerio de Defensa junto a paritario Alejandro Charra<\/figcaption><\/figure>\n<p>El acuerdo se subscribi\u00f3 en un acta firmada ayer donde intervienen representantes de ATE,&nbsp;UPCN y UPECIFA y el Ministerio de Defensa, que establece el pago de una suma fija para todos los docentes del sector, desde el nivel de jard\u00edn de infantes hasta el universitario&nbsp;(escuelas de Oficiales y la Universidad de la Defensa Nacional con carreras abiertas al p\u00fablico en general)&nbsp; pasando por los colegios primarios y secundarios que son los Liceos Militares y las Tecnicaturas Superiores que se imparten en las Escuelas de Suboficiales.<\/p>\n<p>En &nbsp;la actualidad los docentes del sector tienen un nivel salarial que se encuentra un 50% por debajo de lo que cobran sus pares de jurisdicci\u00f3n nacional, provincial o municipal, que ya de por s\u00ed son bajos.&nbsp;<\/p>\n<p>ATE lleg\u00f3 al acuerdo tras una serie de reuniones en la Comisi\u00f3n Negociadora Sectorial desde principios de febrero.<\/p>\n<p>Seg\u00fan describen en sector a partir de dichas reuniones se logr\u00f3&nbsp;el compromiso del Director de RRHH del Ministerio de Defensa, Dr. An\u00edbal Guti\u00e9rrez, de gestionar una reuni\u00f3n con el Jefe de Gabinete de esa repartici\u00f3n, Lic. Dami\u00e1n Vaudagna,donde se le planteo la problem\u00e1tica.<\/p>\n<p><img loading=\"lazy\" decoding=\"async\" class=\"aligncenter size-full wp-image-8242\" src=\"http:\/\/www.atecordoba.org\/wp-content\/uploads\/2017\/03\/acta-acuerdo-21-3-2017-e1490204693109.jpeg\" alt=\"\" width=\"368\" height=\"550\"><\/p>\n<p>All\u00ed se&nbsp;solicit\u00f3 que a trav\u00e9s de la universalizaci\u00f3n del decreto 1453\/05 redujera la disparidad salarial con los docentes de otras jurisdicciones. Dicha inversi\u00f3n rondar\u00eda los 14 millones de pesos mensuales. Nuestra delegaci\u00f3n en dicha reuni\u00f3n estuvo compuesta por los Paritarios Nacionales \u00c1ngel Catapano y Alejandro Charra, quienes adem\u00e1s expresaron que de no concretarse lo solicitado antes del mes de abril se comenzar\u00eda a realizar distintas medidas de fuerza.<\/p>\n<p><img loading=\"lazy\" decoding=\"async\" class=\"aligncenter size-full wp-image-8243\" src=\"http:\/\/www.atecordoba.org\/wp-content\/uploads\/2017\/03\/acta-acuerdo-21-3-2017_2-e1490204719642.jpeg\" alt=\"\" width=\"404\" height=\"550\"><\/p>\n<p>Luego de una reuni\u00f3n intermedia en la que el gobierno expreso que estaba evaluando el impacto monetario de la medida en el presupuesto, el d\u00eda 21 de marzo el gobierno, a trav\u00e9s de las actas que ponemos a disposici\u00f3n de los compa\u00f1eros accedi\u00f3 a nuestro reclamo. Todav\u00eda queda mucho camino para recorren en pos de un salario justo compa\u00f1eros, pero sin duda que con este triunfo hemos dado un primer paso firme que nos ayudara en los sucesivo a construir m\u00e1s y mejor organizaci\u00f3n en el sector Docente de las Fuerzas Armadas.<\/p>\n<p>&nbsp;<\/p>\n","protected":false},"excerpt":{"rendered":"<p>En unidad con otros gremios del sector se acord\u00f3 ayer aplicar a los docentes de las Fuerzas Armadas el decreto 1453\/05 de manera universal en el sector. El acuerdo se subscribi\u00f3 en un acta firmada ayer donde intervienen representantes de ATE,&nbsp;UPCN y UPECIFA y el Ministerio de Defensa, que establece el pago de una suma [&hellip;]<\/p>\n","protected":false},"author":1,"featured_media":19220,"comment_status":"open","ping_status":"open","sticky":false,"template":"","format":"standard","meta":{"_exactmetrics_skip_tracking":false,"_exactmetrics_sitenote_active":false,"_exactmetrics_sitenote_note":"","_exactmetrics_sitenote_category":0,"jnews-multi-image_gallery":[],"jnews_single_post":[],"jnews_primary_category":[],"jnews_social_meta":[],"jnews_review":[],"enable_review":"","type":"","name":"","summary":"","brand":"","sku":"","good":[],"bad":[],"score_override":"","override_value":"","rating":[],"price":[],"jnews_override_counter":[],"jnews_post_split":[],"footnotes":""},"categories":[9],"tags":[],"class_list":["post-8240","post","type-post","status-publish","format-standard","has-post-thumbnail","hentry","category-trabajadores-civiles-ff-aa"],"jetpack_featured_media_url":"https:\/\/atecordoba.org\/wp-content\/uploads\/2020\/05\/logo-nuevochico-e1561581322808.png","_links":{"self":[{"href":"https:\/\/atecordoba.org\/index.php?rest_route=\/wp\/v2\/posts\/8240","targetHints":{"allow":["GET"]}}],"collection":[{"href":"https:\/\/atecordoba.org\/index.php?rest_route=\/wp\/v2\/posts"}],"about":[{"href":"https:\/\/atecordoba.org\/index.php?rest_route=\/wp\/v2\/types\/post"}],"author":[{"embeddable":true,"href":"https:\/\/atecordoba.org\/index.php?rest_route=\/wp\/v2\/users\/1"}],"replies":[{"embeddable":true,"href":"https:\/\/atecordoba.org\/index.php?rest_route=%2Fwp%2Fv2%2Fcomments&post=8240"}],"version-history":[{"count":0,"href":"https:\/\/atecordoba.org\/index.php?rest_route=\/wp\/v2\/posts\/8240\/revisions"}],"wp:featuredmedia":[{"embeddable":true,"href":"https:\/\/atecordoba.org\/index.php?rest_route=\/wp\/v2\/media\/19220"}],"wp:attachment":[{"href":"https:\/\/atecordoba.org\/index.php?rest_route=%2Fwp%2Fv2%2Fmedia&parent=8240"}],"wp:term":[{"taxonomy":"category","embeddable":true,"href":"https:\/\/atecordoba.org\/index.php?rest_route=%2Fwp%2Fv2%2Fcategories&post=8240"},{"taxonomy":"post_tag","embeddable":true,"href":"https:\/\/atecordoba.org\/index.php?rest_route=%2Fwp%2Fv2%2Ftags&post=8240"}],"curies":[{"name":"wp","href":"https:\/\/api.w.org\/{rel}","templated":true}]}}