{"id":8235,"date":"2017-03-21T15:27:55","date_gmt":"2017-03-21T18:27:55","guid":{"rendered":"http:\/\/www.atecordoba.org\/?p=8235"},"modified":"2017-03-21T15:27:55","modified_gmt":"2017-03-21T18:27:55","slug":"civiles-de-las-ffaa-asamblea-en-la-guarnicion-aerea-cordoba-resolvio-adherir-a-los-tres-dias-de-paro-del-sector","status":"publish","type":"post","link":"https:\/\/atecordoba.org\/?p=8235","title":{"rendered":"Civiles de las FFAA: asamblea en la Guarnici\u00f3n A\u00e9rea C\u00f3rdoba resolvi\u00f3 adherir a los tres d\u00edas de paro del sector"},"content":{"rendered":"<p><em>El pasado viernes los trabajadores civiles de las Fuerzas Armadas se reunieron en asamblea en la plaza de la Guarnici\u00f3n A\u00e9rea C\u00f3rdoba, para abordar frente a la situaci\u00f3n extrema que vive el sectorial a ra\u00edz de la decisi\u00f3n del gobierno de fijar una unidad retributiva de 9 pesos. Se resolvi\u00f3 participar activamente de los tres d\u00edas de paro del sectorial.&nbsp;<\/em><\/p>\n<p><img loading=\"lazy\" decoding=\"async\" class=\"aligncenter size-full wp-image-8236\" src=\"http:\/\/www.atecordoba.org\/wp-content\/uploads\/2017\/03\/WhatsApp-Image-2017-03-21-at-13.29.40-e1490120709687.jpeg\" alt=\"\" width=\"550\" height=\"412\"><\/p>\n<p>La asamblea se inici\u00f3 con la presencia de 40 trabajadores civiles. Estuvieron presentes en representaci\u00f3n del Consejo Directivo Provincial el secretario Adjunto, Luis Barcena, de Organizaci\u00f3n, V\u00edctor Lecuona, el paritario Alejandro Charra y los delegados, Mar\u00eda Elena Cioli, Rita Toncovich, Gustavo Bertoriglia, Esteban Javier Grando, Nicolas Dreizik, Carolina Llanos y Mar\u00eda de los \u00c1ngeles Vieyra Crouzeilles.<\/p>\n<p>Se leyeron las actas de la \u00faltima reuni\u00f3n paritaria y se prosigui\u00f3 a explicar a los compa\u00f1eros que dada la situaci\u00f3n de una UR de 9 pesos m\u00e1s del 70\u2105 de compa\u00f1eros quedar\u00edan dentro de la aplicaci\u00f3n del decreto compensador 5592\/68 el cual absorbe la pauta salarial anual y, adem\u00e1s, muchos trabajadores ir\u00edan a la baja salarial.<\/p>\n<p>Posteriormente se inform\u00f3 sobre las medidas de fuerza que se llevar\u00e1n a cabo desde esta asociaci\u00f3n sindical las cuales constan de: asamblea, movilizaci\u00f3n y abandono de tarea sorpresivo por tiempo indeterminado; paro el d\u00eda 23 de Marzo, paro de 48 ha &nbsp;y movilizaci\u00f3n a Buenos Aires el d\u00eda 28 y 29 de Marzo.<\/p>\n<p>Analizando el mandato de la asamblea se resolvi\u00f3 adherir a las medidas de fuerza y movilizar los d\u00edas 28 y 29.<\/p>\n","protected":false},"excerpt":{"rendered":"<p>El pasado viernes los trabajadores civiles de las Fuerzas Armadas se reunieron en asamblea en la plaza de la Guarnici\u00f3n A\u00e9rea C\u00f3rdoba, para abordar frente a la situaci\u00f3n extrema que vive el sectorial a ra\u00edz de la decisi\u00f3n del gobierno de fijar una unidad retributiva de 9 pesos. Se resolvi\u00f3 participar activamente de los tres [&hellip;]<\/p>\n","protected":false},"author":1,"featured_media":19220,"comment_status":"open","ping_status":"open","sticky":false,"template":"","format":"standard","meta":{"_exactmetrics_skip_tracking":false,"_exactmetrics_sitenote_active":false,"_exactmetrics_sitenote_note":"","_exactmetrics_sitenote_category":0,"jnews-multi-image_gallery":[],"jnews_single_post":[],"jnews_primary_category":[],"jnews_social_meta":[],"jnews_review":[],"enable_review":"","type":"","name":"","summary":"","brand":"","sku":"","good":[],"bad":[],"score_override":"","override_value":"","rating":[],"price":[],"jnews_override_counter":[],"jnews_post_split":[],"footnotes":""},"categories":[18,9],"tags":[],"class_list":["post-8235","post","type-post","status-publish","format-standard","has-post-thumbnail","hentry","category-nacionales","category-trabajadores-civiles-ff-aa"],"jetpack_featured_media_url":"https:\/\/atecordoba.org\/wp-content\/uploads\/2020\/05\/logo-nuevochico-e1561581322808.png","_links":{"self":[{"href":"https:\/\/atecordoba.org\/index.php?rest_route=\/wp\/v2\/posts\/8235","targetHints":{"allow":["GET"]}}],"collection":[{"href":"https:\/\/atecordoba.org\/index.php?rest_route=\/wp\/v2\/posts"}],"about":[{"href":"https:\/\/atecordoba.org\/index.php?rest_route=\/wp\/v2\/types\/post"}],"author":[{"embeddable":true,"href":"https:\/\/atecordoba.org\/index.php?rest_route=\/wp\/v2\/users\/1"}],"replies":[{"embeddable":true,"href":"https:\/\/atecordoba.org\/index.php?rest_route=%2Fwp%2Fv2%2Fcomments&post=8235"}],"version-history":[{"count":0,"href":"https:\/\/atecordoba.org\/index.php?rest_route=\/wp\/v2\/posts\/8235\/revisions"}],"wp:featuredmedia":[{"embeddable":true,"href":"https:\/\/atecordoba.org\/index.php?rest_route=\/wp\/v2\/media\/19220"}],"wp:attachment":[{"href":"https:\/\/atecordoba.org\/index.php?rest_route=%2Fwp%2Fv2%2Fmedia&parent=8235"}],"wp:term":[{"taxonomy":"category","embeddable":true,"href":"https:\/\/atecordoba.org\/index.php?rest_route=%2Fwp%2Fv2%2Fcategories&post=8235"},{"taxonomy":"post_tag","embeddable":true,"href":"https:\/\/atecordoba.org\/index.php?rest_route=%2Fwp%2Fv2%2Ftags&post=8235"}],"curies":[{"name":"wp","href":"https:\/\/api.w.org\/{rel}","templated":true}]}}