{"id":8232,"date":"2017-03-21T12:38:33","date_gmt":"2017-03-21T15:38:33","guid":{"rendered":"http:\/\/www.atecordoba.org\/?p=8232"},"modified":"2017-03-21T12:38:33","modified_gmt":"2017-03-21T15:38:33","slug":"8o-concurso-de-expresion-escrita-la-salud-de-los-trabajadoresas-convocatoria-sin-presiones-2017","status":"publish","type":"post","link":"https:\/\/atecordoba.org\/?p=8232","title":{"rendered":"8\u00ba Concurso de Expresi\u00f3n Escrita la salud de los Trabajadores\/as: convocatoria &#8216;Sin Presiones&#8217; 2017"},"content":{"rendered":"<p><em>El Instituto de Salud Laboral y Medio Ambiente de CTA C\u00f3rdoba (Islyma Cta C\u00f3rdoba), y el Instituto de Salud y Seguridad de las y los Trabajadores de ATE lanzan la Octava Convocatoria del Concurso de expresi\u00f3n escrita \u201cSin Presiones \u2013 la salud de los Trabajadores\/as\u201c.<\/em><\/p>\n<p><img loading=\"lazy\" decoding=\"async\" class=\"aligncenter size-full wp-image-8233\" src=\"http:\/\/www.atecordoba.org\/wp-content\/uploads\/2017\/03\/sin-presiones-2017-e1490110677595.jpg\" alt=\"\" width=\"435\" height=\"600\"><\/p>\n<p>Bajo la Consigna \u201cSin presiones \u201c &#8211; Historias del mundo laboral- se busca que los trabajadores exterioricen sus vivencias y luchas (y las de sus compa\u00f1eros) al margen de la pulseada con la patronal.<\/p>\n<p>La Actividad se enmarca en la Semana de Homenaje a los compa\u00f1eros fallecidos y lesionados en ocasi\u00f3n del Trabajo que se recuerda el 28 de Abril.<\/p>\n<p>En nuestro pa\u00eds mueren por a\u00f1o m\u00e1s de 7500 trabajadores\/as por causas relacionadas con las condiciones y medio ambiente de trabajo.<\/p>\n<p>Cada d\u00eda 4 trabajadores\/as mueren en accidentes de trabajo y 16 por enfermedades vinculadas con el medio ambiente laboral. POR D\u00cdA MUEREN 20 TRABAJADORES\/AS.<\/p>\n<p>Estas alarmantes estad\u00edsticas no son reconocidas por las ART ni por los gobiernos (SRT).<\/p>\n<p>Socialicemos lo que nos pasa&#8230;. Dejemos escrito&#8230;. SEGURO QUE TENES ALGO PARA CONTAR!!<\/p>\n<p>Los trabajos se receptar\u00e1n hasta el 19 de Mayo de 2017 en Obispo Trejo 365 &#8211; CP: 5000 Ciudad de C\u00f3rdoba.<\/p>\n<p>Beses y condiciones: www.islyma.org.ar &#8211; www.ate.org.ar<\/p>\n<p>www.facebook.com\/islyma.ctacordoba<\/p>\n<p>Consultas: info@islyma.com.org.ar<\/p>\n","protected":false},"excerpt":{"rendered":"<p>El Instituto de Salud Laboral y Medio Ambiente de CTA C\u00f3rdoba (Islyma Cta C\u00f3rdoba), y el Instituto de Salud y Seguridad de las y los Trabajadores de ATE lanzan la Octava Convocatoria del Concurso de expresi\u00f3n escrita \u201cSin Presiones \u2013 la salud de los Trabajadores\/as\u201c. Bajo la Consigna \u201cSin presiones \u201c &#8211; Historias del mundo [&hellip;]<\/p>\n","protected":false},"author":1,"featured_media":19220,"comment_status":"open","ping_status":"open","sticky":false,"template":"","format":"standard","meta":{"_exactmetrics_skip_tracking":false,"_exactmetrics_sitenote_active":false,"_exactmetrics_sitenote_note":"","_exactmetrics_sitenote_category":0,"jnews-multi-image_gallery":[],"jnews_single_post":[],"jnews_primary_category":[],"jnews_social_meta":[],"jnews_review":[],"enable_review":"","type":"","name":"","summary":"","brand":"","sku":"","good":[],"bad":[],"score_override":"","override_value":"","rating":[],"price":[],"jnews_override_counter":[],"jnews_post_split":[],"footnotes":""},"categories":[94],"tags":[],"class_list":["post-8232","post","type-post","status-publish","format-standard","has-post-thumbnail","hentry","category-salud-laboral"],"jetpack_featured_media_url":"https:\/\/atecordoba.org\/wp-content\/uploads\/2020\/05\/logo-nuevochico-e1561581322808.png","_links":{"self":[{"href":"https:\/\/atecordoba.org\/index.php?rest_route=\/wp\/v2\/posts\/8232","targetHints":{"allow":["GET"]}}],"collection":[{"href":"https:\/\/atecordoba.org\/index.php?rest_route=\/wp\/v2\/posts"}],"about":[{"href":"https:\/\/atecordoba.org\/index.php?rest_route=\/wp\/v2\/types\/post"}],"author":[{"embeddable":true,"href":"https:\/\/atecordoba.org\/index.php?rest_route=\/wp\/v2\/users\/1"}],"replies":[{"embeddable":true,"href":"https:\/\/atecordoba.org\/index.php?rest_route=%2Fwp%2Fv2%2Fcomments&post=8232"}],"version-history":[{"count":0,"href":"https:\/\/atecordoba.org\/index.php?rest_route=\/wp\/v2\/posts\/8232\/revisions"}],"wp:featuredmedia":[{"embeddable":true,"href":"https:\/\/atecordoba.org\/index.php?rest_route=\/wp\/v2\/media\/19220"}],"wp:attachment":[{"href":"https:\/\/atecordoba.org\/index.php?rest_route=%2Fwp%2Fv2%2Fmedia&parent=8232"}],"wp:term":[{"taxonomy":"category","embeddable":true,"href":"https:\/\/atecordoba.org\/index.php?rest_route=%2Fwp%2Fv2%2Fcategories&post=8232"},{"taxonomy":"post_tag","embeddable":true,"href":"https:\/\/atecordoba.org\/index.php?rest_route=%2Fwp%2Fv2%2Ftags&post=8232"}],"curies":[{"name":"wp","href":"https:\/\/api.w.org\/{rel}","templated":true}]}}