{"id":8226,"date":"2017-03-17T16:16:29","date_gmt":"2017-03-17T19:16:29","guid":{"rendered":"http:\/\/www.atecordoba.org\/?p=8226"},"modified":"2017-03-17T16:16:29","modified_gmt":"2017-03-17T19:16:29","slug":"rechazo-a-la-pauta-salarial-provincial","status":"publish","type":"post","link":"https:\/\/atecordoba.org\/?p=8226","title":{"rendered":"Rechazo a la pauta salarial provincial"},"content":{"rendered":"<p><em>El Consejo Directivo Provincial (CDP) de ATE rechaza por insuficiente la pauta salarial hecha p\u00fablica por el Gobierno de C\u00f3rdoba en el d\u00eda de la fecha, ya que no reconoce la p\u00e9rdida del poder adquisitivo del 2016, al tiempo que proyecta una inflaci\u00f3n para el 2017 absolutamente irreal, dado el proceso inflacionario del primer trimestre del a\u00f1o en curso.<\/em><\/p>\n<p><img loading=\"lazy\" decoding=\"async\" class=\"aligncenter size-full wp-image-7551\" src=\"http:\/\/www.atecordoba.org\/wp-content\/uploads\/2016\/11\/WhatsApp-Image-2016-11-10-at-14.45.42-e1478810304760.jpeg\" alt=\"\" width=\"550\" height=\"330\"><\/p>\n<p>Los trabajadores provinciales sufrimos el a\u00f1o pasado una ca\u00edda del salario real del 14% de nuestro salario real. En consecuencia, con el 12,5% del primer tramo (febrero-julio) que anunci\u00f3 hoy el gobierno provincial, s\u00f3lo alcanzamos a recuperar una parte de lo perdido.<\/p>\n<p>As\u00ed, queda claro que pretenden seguir con el ajuste que llevado a cabo en 2016 y que lo paguemos los trabajadores de nuestros bolsillos. Esto explica que Schiaretti pretenda que con 19.5% anual, lleguemos a febrero de 2017.<\/p>\n<p>En este contexto tenemos que afrontar los aumentos de: impuestos (municipales, rentas), &nbsp;servicios p\u00fablicos (electricidad, gas, peaje, agua), la constante suba de precios de art\u00edculos de la canasta alimentaria (carne, verdura y almac\u00e9n en general), incremento de alquileres y transporte (urbano e interurbano), cuota de la escuela y alzas generalizada de los costos fijos de las familias trabajadoras.<\/p>\n<p>A esto se suma que la pauta anunciada agrega una clausula de reapertura en caso de que la inflaci\u00f3n supere lo previsto, pero una misma clausula en el acta acuerdo del 2016 fue incumplida como es de p\u00fablico conocimiento, de forma que el propio gobierno provincial carece de credibilidad al respecto. &nbsp;<\/p>\n<p>Por todo lo expuesto, el CDP resolvi\u00f3 convocar para el pr\u00f3ximo lunes a las 12 horas al plenario de delegados provinciales a los efectos de evaluar los pasos a seguir.<\/p>\n<p>&nbsp;<\/p>\n","protected":false},"excerpt":{"rendered":"<p>El Consejo Directivo Provincial (CDP) de ATE rechaza por insuficiente la pauta salarial hecha p\u00fablica por el Gobierno de C\u00f3rdoba en el d\u00eda de la fecha, ya que no reconoce la p\u00e9rdida del poder adquisitivo del 2016, al tiempo que proyecta una inflaci\u00f3n para el 2017 absolutamente irreal, dado el proceso inflacionario del primer trimestre [&hellip;]<\/p>\n","protected":false},"author":1,"featured_media":19220,"comment_status":"open","ping_status":"open","sticky":false,"template":"","format":"standard","meta":{"_exactmetrics_skip_tracking":false,"_exactmetrics_sitenote_active":false,"_exactmetrics_sitenote_note":"","_exactmetrics_sitenote_category":0,"jnews-multi-image_gallery":[],"jnews_single_post":[],"jnews_primary_category":[],"jnews_social_meta":[],"jnews_review":[],"enable_review":"","type":"","name":"","summary":"","brand":"","sku":"","good":[],"bad":[],"score_override":"","override_value":"","rating":[],"price":[],"jnews_override_counter":[],"jnews_post_split":[],"footnotes":""},"categories":[53,8],"tags":[],"class_list":["post-8226","post","type-post","status-publish","format-standard","has-post-thumbnail","hentry","category-comunicados-de-prensa","category-provinciales"],"jetpack_featured_media_url":"https:\/\/atecordoba.org\/wp-content\/uploads\/2020\/05\/logo-nuevochico-e1561581322808.png","_links":{"self":[{"href":"https:\/\/atecordoba.org\/index.php?rest_route=\/wp\/v2\/posts\/8226","targetHints":{"allow":["GET"]}}],"collection":[{"href":"https:\/\/atecordoba.org\/index.php?rest_route=\/wp\/v2\/posts"}],"about":[{"href":"https:\/\/atecordoba.org\/index.php?rest_route=\/wp\/v2\/types\/post"}],"author":[{"embeddable":true,"href":"https:\/\/atecordoba.org\/index.php?rest_route=\/wp\/v2\/users\/1"}],"replies":[{"embeddable":true,"href":"https:\/\/atecordoba.org\/index.php?rest_route=%2Fwp%2Fv2%2Fcomments&post=8226"}],"version-history":[{"count":0,"href":"https:\/\/atecordoba.org\/index.php?rest_route=\/wp\/v2\/posts\/8226\/revisions"}],"wp:featuredmedia":[{"embeddable":true,"href":"https:\/\/atecordoba.org\/index.php?rest_route=\/wp\/v2\/media\/19220"}],"wp:attachment":[{"href":"https:\/\/atecordoba.org\/index.php?rest_route=%2Fwp%2Fv2%2Fmedia&parent=8226"}],"wp:term":[{"taxonomy":"category","embeddable":true,"href":"https:\/\/atecordoba.org\/index.php?rest_route=%2Fwp%2Fv2%2Fcategories&post=8226"},{"taxonomy":"post_tag","embeddable":true,"href":"https:\/\/atecordoba.org\/index.php?rest_route=%2Fwp%2Fv2%2Ftags&post=8226"}],"curies":[{"name":"wp","href":"https:\/\/api.w.org\/{rel}","templated":true}]}}