{"id":8221,"date":"2017-03-16T14:09:45","date_gmt":"2017-03-16T17:09:45","guid":{"rendered":"http:\/\/www.atecordoba.org\/?p=8221"},"modified":"2017-03-16T14:09:45","modified_gmt":"2017-03-16T17:09:45","slug":"prosiguen-las-asambleas-de-ate-en-los-hospitales","status":"publish","type":"post","link":"https:\/\/atecordoba.org\/?p=8221","title":{"rendered":"Prosiguen las asambleas de ATE en los hospitales"},"content":{"rendered":"<p><em>Los trabajadores de la Maternidad Provincial realizaron ayer una asamblea durante la ma\u00f1ana donde se abord\u00f3 la problem\u00e1tica salarial de cara a la pauta que intenta imponer Schiaretti.<\/em><\/p>\n<p><img loading=\"lazy\" decoding=\"async\" class=\"aligncenter size-full wp-image-8223\" src=\"http:\/\/www.atecordoba.org\/wp-content\/uploads\/2017\/03\/frente-maternidad-bandera-ate2-e1489683627638.jpg\" alt=\"\" width=\"550\" height=\"330\"><\/p>\n<p>La asamblea, que tuvo car\u00e1cter masivo, cont\u00f3 con la participaci\u00f3n de los trabajadores del turno ma\u00f1ana. Los compa\u00f1eros rechazaron de manera un\u00e1nime el 19.5% de pauta salarial que inform\u00f3 el gobierno provincial. En tal sentido, se&nbsp;vot\u00f3 reclamar un 35% de recomposici\u00f3n de piso salarial, con una cl\u00e1usula de actualizaci\u00f3n para el segundo semestre en caso &nbsp;que la inflaci\u00f3n &nbsp;supere el 21%.<\/p>\n<p>&#8220;Perdimos el 14% el a\u00f1o pasado, en funci\u00f3n de la pauta del 2016 y de la inflaci\u00f3n que super\u00f3 el 40%. Por eso, y atento a como viene la escalada de precios de los alimentos, tarifas de los servicios, transporte e impuestos, para este a\u00f1o el aumento no puede ser menos del 20 %, conformando un 34-35% que que dej\u00f3 aprobada como&nbsp;mandato la asamblea de esta repartici\u00f3n&#8221;, explic\u00f3 Daniel Pawluchuzk, secretario de Prensa del CDP, presente en el lugar junto al secretario Gremial Diego Guerra.<\/p>\n<p>Asimismo, en la resoluci\u00f3n del plan de lucha los trabajadores decidieron llevar a cabo asambleas diarias de 2 horas por turno de 10 a 12.<\/p>\n<p><strong>Estado de asamblea y jornadas de protesta<\/strong><\/p>\n<p>El Consejo Directivo Provincial comunic\u00f3 al Ministerio de Trabajo de la Naci\u00f3n que dispuso el estado de asambleas y jornadas de protesta en todos los organismos provinciales a partir de ayer.<\/p>\n<p>ATE inform\u00f3 a la cartera laboral que en C\u00f3rdoba reclama:&nbsp;<\/p>\n<ul>\n<li>apertura de paritarias libres y sin techo<\/li>\n<li>35% de aumento de bolsillo<\/li>\n<li>salario inicial igual a la canasta familiar<\/li>\n<li>pase a planta de los contratados<\/li>\n<li>reincorporaci\u00f3n de los despedidos<\/li>\n<li>82% m\u00f3vil para los jubilados<\/li>\n<li>en defensa de la Caja de Jubilaciones: derogaci\u00f3n de la ley provincial 10333<\/li>\n<\/ul>\n<p><img loading=\"lazy\" decoding=\"async\" class=\"aligncenter size-full wp-image-8222\" src=\"http:\/\/www.atecordoba.org\/wp-content\/uploads\/2017\/03\/15-3-estado-de-asamblea-bien.png\" alt=\"\" width=\"377\" height=\"550\"><\/p>\n<p>&nbsp;<\/p>\n<p>&nbsp;<\/p>\n<p>&nbsp;<\/p>\n","protected":false},"excerpt":{"rendered":"<p>Los trabajadores de la Maternidad Provincial realizaron ayer una asamblea durante la ma\u00f1ana donde se abord\u00f3 la problem\u00e1tica salarial de cara a la pauta que intenta imponer Schiaretti. La asamblea, que tuvo car\u00e1cter masivo, cont\u00f3 con la participaci\u00f3n de los trabajadores del turno ma\u00f1ana. Los compa\u00f1eros rechazaron de manera un\u00e1nime el 19.5% de pauta salarial [&hellip;]<\/p>\n","protected":false},"author":1,"featured_media":19220,"comment_status":"open","ping_status":"open","sticky":false,"template":"","format":"standard","meta":{"_exactmetrics_skip_tracking":false,"_exactmetrics_sitenote_active":false,"_exactmetrics_sitenote_note":"","_exactmetrics_sitenote_category":0,"jnews-multi-image_gallery":[],"jnews_single_post":[],"jnews_primary_category":[],"jnews_social_meta":[],"jnews_review":[],"enable_review":"","type":"","name":"","summary":"","brand":"","sku":"","good":[],"bad":[],"score_override":"","override_value":"","rating":[],"price":[],"jnews_override_counter":[],"jnews_post_split":[],"footnotes":""},"categories":[7,8,102],"tags":[],"class_list":["post-8221","post","type-post","status-publish","format-standard","has-post-thumbnail","hentry","category-hospitales","category-provinciales","category-salud-2"],"jetpack_featured_media_url":"https:\/\/atecordoba.org\/wp-content\/uploads\/2020\/05\/logo-nuevochico-e1561581322808.png","_links":{"self":[{"href":"https:\/\/atecordoba.org\/index.php?rest_route=\/wp\/v2\/posts\/8221","targetHints":{"allow":["GET"]}}],"collection":[{"href":"https:\/\/atecordoba.org\/index.php?rest_route=\/wp\/v2\/posts"}],"about":[{"href":"https:\/\/atecordoba.org\/index.php?rest_route=\/wp\/v2\/types\/post"}],"author":[{"embeddable":true,"href":"https:\/\/atecordoba.org\/index.php?rest_route=\/wp\/v2\/users\/1"}],"replies":[{"embeddable":true,"href":"https:\/\/atecordoba.org\/index.php?rest_route=%2Fwp%2Fv2%2Fcomments&post=8221"}],"version-history":[{"count":0,"href":"https:\/\/atecordoba.org\/index.php?rest_route=\/wp\/v2\/posts\/8221\/revisions"}],"wp:featuredmedia":[{"embeddable":true,"href":"https:\/\/atecordoba.org\/index.php?rest_route=\/wp\/v2\/media\/19220"}],"wp:attachment":[{"href":"https:\/\/atecordoba.org\/index.php?rest_route=%2Fwp%2Fv2%2Fmedia&parent=8221"}],"wp:term":[{"taxonomy":"category","embeddable":true,"href":"https:\/\/atecordoba.org\/index.php?rest_route=%2Fwp%2Fv2%2Fcategories&post=8221"},{"taxonomy":"post_tag","embeddable":true,"href":"https:\/\/atecordoba.org\/index.php?rest_route=%2Fwp%2Fv2%2Ftags&post=8221"}],"curies":[{"name":"wp","href":"https:\/\/api.w.org\/{rel}","templated":true}]}}