{"id":8218,"date":"2017-03-16T13:06:36","date_gmt":"2017-03-16T16:06:36","guid":{"rendered":"http:\/\/www.atecordoba.org\/?p=8218"},"modified":"2017-03-16T13:06:36","modified_gmt":"2017-03-16T16:06:36","slug":"trabajadores-civiles-de-las-ff-aa-inician-un-plan-de-lucha-por-falta-de-acuerdo-en-las-ur","status":"publish","type":"post","link":"https:\/\/atecordoba.org\/?p=8218","title":{"rendered":"Trabajadores Civiles de las FF.AA. inician un plan de lucha por falta de acuerdo en las UR"},"content":{"rendered":"<p><em>A continuaci\u00f3n&nbsp; ponemos a disposici\u00f3n las conclusiones y an\u00e1lisis del equipo de paritarios&nbsp; de los trabajadores civiles de las fuerzas armadas respecto a la situaci\u00f3n extrema que vive nuestro sectorial a ra\u00edz de la decisi\u00f3n del gobierno de fijar un valor de 9 pesos en concepto de unidad retributiva&nbsp; para este sectorial que concentra m\u00e1s de 20.000 trabajadores.<\/em><\/p>\n<p><img loading=\"lazy\" decoding=\"async\" class=\"aligncenter size-full wp-image-8219\" src=\"http:\/\/www.atecordoba.org\/wp-content\/uploads\/2017\/03\/personal-civil.png\" alt=\"\" width=\"550\" height=\"412\"><\/p>\n<p>Nuestra organizaci\u00f3n, en este sentido, en las reuniones de comisi\u00f3n negociadora ha venido sosteniendo firmemente en las actas que el valor de UR debe ser en el salario inicial el equivalente al valor de la canasta b\u00e1sica seg\u00fan el INDEC&nbsp; que hoy es de $ 13.800 lo cual significa que el valor de la UR para nosotros se debe fijar en $ 15,21 en este sentido tambi\u00e9n consta en el acta de la comisi\u00f3n negociadora del d\u00eda 07 de octubre del 2016 que las representaciones sindicales de UPECIFA Y UPCN expresaron&nbsp; conjuntamente que el valor de UR \u00a8tenga similitud al valor inicial del Colectivo correspondiente a la Administraci\u00f3n Publica Nacional\u00a8.&nbsp;<\/p>\n<p>En tal sentido&nbsp; estamos en condiciones de aseverar que con un valor de UR a 9 pesos arrojar\u00eda una cantidad de compa\u00f1eros que ronda un 70 % de ellos, a la aplicaci\u00f3n del decreto compensador 5592\/68 el cual absorbe la pauta salarial anual y dependiendo de esta afectaci\u00f3n, es&nbsp; la cantidad de aumentos salariales anuales que absorber\u00eda&nbsp; llegando a alcanzar, en caso extremo, hasta tres ejercicios presupuestarios. Consideramos que la aplicaci\u00f3n de la unidad retributiva es el cierre de 10 a\u00f1os de lucha de nuestro sindicato y manoseo de los gobiernos de turno en lo referente a este convenio.<\/p>\n<p>Sabemos tambi\u00e9n que posiblemente el posicionamiento de las otras organizaciones , tomando como dato lo ya expresado en las actas , muchos trabajadores ir\u00edan a la baja salarial dejando a la buena de Dios la ilusi\u00f3n de todos los trabajadores civiles que en estos a\u00f1os hemos so\u00f1ado con un convenio acorde&nbsp; a nuestra necesidad inclusive en lo salarial , arrojando a una gran cantidad de compa\u00f1eros por debajo de la l\u00ednea de la pobreza para engrosar ese n\u00famero tan desagradable que se maneja a modo de estad\u00edstica , entendiendo la gravedad de estos hechos y considerando que la situaci\u00f3n es l\u00edmite para los trabajadores y que este convenio por su particularidad y su contenido debe ser acompa\u00f1ado por un salario superador para todos los trabajadores.<\/p>\n<p>Analizado el mandato de las Asambleas hemos resuelto:&nbsp;<\/p>\n<p>&#8211; &nbsp;Paro Nacional del sectorial de 24 hs para el d\u00eda 23 de marzo.<\/p>\n<p>&#8211; Paro Nacional de 48 hs para los d\u00edas 28 y 29 de marzo, movilizando masivamente al Ministerio de Modernizaci\u00f3n el d\u00eda 28 en el marco de la convocatoria a nueva reuni\u00f3n paritaria,<\/p>\n<p>&#8211; Analizar la posibilidad de realizar un plenario de delegados durante el mes de abril a fin de darle continuidad a las medidas de fuerza,<\/p>\n<p>&#8211; Dar&nbsp; continuidad con el estado de asamblea permanente y con las asambleas en los distintos sectores.<\/p>\n<p>&nbsp;<\/p>\n","protected":false},"excerpt":{"rendered":"<p>A continuaci\u00f3n&nbsp; ponemos a disposici\u00f3n las conclusiones y an\u00e1lisis del equipo de paritarios&nbsp; de los trabajadores civiles de las fuerzas armadas respecto a la situaci\u00f3n extrema que vive nuestro sectorial a ra\u00edz de la decisi\u00f3n del gobierno de fijar un valor de 9 pesos en concepto de unidad retributiva&nbsp; para este sectorial que concentra m\u00e1s [&hellip;]<\/p>\n","protected":false},"author":1,"featured_media":19220,"comment_status":"open","ping_status":"open","sticky":false,"template":"","format":"standard","meta":{"_exactmetrics_skip_tracking":false,"_exactmetrics_sitenote_active":false,"_exactmetrics_sitenote_note":"","_exactmetrics_sitenote_category":0,"jnews-multi-image_gallery":[],"jnews_single_post":[],"jnews_primary_category":[],"jnews_social_meta":[],"jnews_review":[],"enable_review":"","type":"","name":"","summary":"","brand":"","sku":"","good":[],"bad":[],"score_override":"","override_value":"","rating":[],"price":[],"jnews_override_counter":[],"jnews_post_split":[],"footnotes":""},"categories":[9],"tags":[],"class_list":["post-8218","post","type-post","status-publish","format-standard","has-post-thumbnail","hentry","category-trabajadores-civiles-ff-aa"],"jetpack_featured_media_url":"https:\/\/atecordoba.org\/wp-content\/uploads\/2020\/05\/logo-nuevochico-e1561581322808.png","_links":{"self":[{"href":"https:\/\/atecordoba.org\/index.php?rest_route=\/wp\/v2\/posts\/8218","targetHints":{"allow":["GET"]}}],"collection":[{"href":"https:\/\/atecordoba.org\/index.php?rest_route=\/wp\/v2\/posts"}],"about":[{"href":"https:\/\/atecordoba.org\/index.php?rest_route=\/wp\/v2\/types\/post"}],"author":[{"embeddable":true,"href":"https:\/\/atecordoba.org\/index.php?rest_route=\/wp\/v2\/users\/1"}],"replies":[{"embeddable":true,"href":"https:\/\/atecordoba.org\/index.php?rest_route=%2Fwp%2Fv2%2Fcomments&post=8218"}],"version-history":[{"count":0,"href":"https:\/\/atecordoba.org\/index.php?rest_route=\/wp\/v2\/posts\/8218\/revisions"}],"wp:featuredmedia":[{"embeddable":true,"href":"https:\/\/atecordoba.org\/index.php?rest_route=\/wp\/v2\/media\/19220"}],"wp:attachment":[{"href":"https:\/\/atecordoba.org\/index.php?rest_route=%2Fwp%2Fv2%2Fmedia&parent=8218"}],"wp:term":[{"taxonomy":"category","embeddable":true,"href":"https:\/\/atecordoba.org\/index.php?rest_route=%2Fwp%2Fv2%2Fcategories&post=8218"},{"taxonomy":"post_tag","embeddable":true,"href":"https:\/\/atecordoba.org\/index.php?rest_route=%2Fwp%2Fv2%2Ftags&post=8218"}],"curies":[{"name":"wp","href":"https:\/\/api.w.org\/{rel}","templated":true}]}}