{"id":8215,"date":"2017-03-15T17:05:07","date_gmt":"2017-03-15T20:05:07","guid":{"rendered":"http:\/\/www.atecordoba.org\/?p=8215"},"modified":"2017-03-15T17:05:07","modified_gmt":"2017-03-15T20:05:07","slug":"plenario-de-fabricaciones-militares-exige-reunion-con-el-interventor","status":"publish","type":"post","link":"https:\/\/atecordoba.org\/?p=8215","title":{"rendered":"Plenario de Fabricaciones Militares exige reuni\u00f3n con el interventor"},"content":{"rendered":"<p><em>El c\u00f3nclave se realiz\u00f3 en el Consejo Directivo Nacional de ATE.<\/em><\/p>\n<p><img loading=\"lazy\" decoding=\"async\" class=\"aligncenter size-full wp-image-8216\" src=\"http:\/\/www.atecordoba.org\/wp-content\/uploads\/2017\/03\/FM-acta-plenario-14-3-e1489608277191.jpg\" alt=\"\" width=\"550\" height=\"705\"><\/p>\n<p><span class=\"\">El Plenario Nacional de Trabajadores de la Direcci\u00f3n General de Fabricaciones Militares, nucleados en la Asociaci\u00f3n de Trabajadores del Estado (ATE), cont\u00f3 con la presencia de representantes de las dependencias de San Jos\u00e9 de J\u00e1chal, Fray Luis Beltr\u00e1n, Villa Mar\u00eda, Azul, R\u00edo Tercero y Sede Central, junto a Orestes \u201cBeto\u201d Galeano, integrante de la Conducci\u00f3n Nacional del gremio.<\/span><\/p>\n<p class=\"texto\"><span class=\"\">En el mismo, se realiz\u00f3 un profundo an\u00e1lisis de la situaci\u00f3n productiva y administrativa de cada una de las dependencias. Del mismo se evidenci\u00f3 una gran incertidumbre entre las y los trabajadores frente a la falta de certezas productivas (desinversi\u00f3n, falta de insumos, discontinuidad en los procesos de producci\u00f3n), la continuidad de la precariedad laboral y la falta de comunicaci\u00f3n de los concursos de planta permanente (concursados en el a\u00f1o 2015), la existencia de contradicciones entre los principales responsables de la gesti\u00f3n respecto del destino, la operatividad y las funciones de Fabricaciones Militares (falta de un plan de mantenimiento, falta de organigrama), y la persistencia de una velada amenaza de despidos.<\/span><\/p>\n<p class=\"texto\"><span class=\"\">Ante esto, se resolvi\u00f3 solicitar una reuni\u00f3n de car\u00e1cter urgente con el Interventor de la DGFM, Arq. H\u00e9ctor Lostri, conjuntamente con el Coordinador T\u00e9cnico, Administrativo y Legal de Fabricaciones, Lic. Hern\u00e1n Gestoso.<\/span><\/p>\n<p class=\"texto\"><span class=\"\">Adem\u00e1s, en cada una de las ciudades representadas, se realizar\u00e1n encuentros con organizaciones sindicales, instituciones pol\u00edticas y diversas entidades de la sociedad civil a los efectos de informar de la situaci\u00f3n precaria de Fabricaciones Militares, generando redes y lazos de solidaridad com\u00fan.<\/span><\/p>\n","protected":false},"excerpt":{"rendered":"<p>El c\u00f3nclave se realiz\u00f3 en el Consejo Directivo Nacional de ATE. El Plenario Nacional de Trabajadores de la Direcci\u00f3n General de Fabricaciones Militares, nucleados en la Asociaci\u00f3n de Trabajadores del Estado (ATE), cont\u00f3 con la presencia de representantes de las dependencias de San Jos\u00e9 de J\u00e1chal, Fray Luis Beltr\u00e1n, Villa Mar\u00eda, Azul, R\u00edo Tercero y [&hellip;]<\/p>\n","protected":false},"author":1,"featured_media":19220,"comment_status":"open","ping_status":"open","sticky":false,"template":"","format":"standard","meta":{"_exactmetrics_skip_tracking":false,"_exactmetrics_sitenote_active":false,"_exactmetrics_sitenote_note":"","_exactmetrics_sitenote_category":0,"jnews-multi-image_gallery":[],"jnews_single_post":[],"jnews_primary_category":[],"jnews_social_meta":[],"jnews_review":[],"enable_review":"","type":"","name":"","summary":"","brand":"","sku":"","good":[],"bad":[],"score_override":"","override_value":"","rating":[],"price":[],"jnews_override_counter":[],"jnews_post_split":[],"footnotes":""},"categories":[17,18],"tags":[],"class_list":["post-8215","post","type-post","status-publish","format-standard","has-post-thumbnail","hentry","category-fabricaciones-militares","category-nacionales"],"jetpack_featured_media_url":"https:\/\/atecordoba.org\/wp-content\/uploads\/2020\/05\/logo-nuevochico-e1561581322808.png","_links":{"self":[{"href":"https:\/\/atecordoba.org\/index.php?rest_route=\/wp\/v2\/posts\/8215","targetHints":{"allow":["GET"]}}],"collection":[{"href":"https:\/\/atecordoba.org\/index.php?rest_route=\/wp\/v2\/posts"}],"about":[{"href":"https:\/\/atecordoba.org\/index.php?rest_route=\/wp\/v2\/types\/post"}],"author":[{"embeddable":true,"href":"https:\/\/atecordoba.org\/index.php?rest_route=\/wp\/v2\/users\/1"}],"replies":[{"embeddable":true,"href":"https:\/\/atecordoba.org\/index.php?rest_route=%2Fwp%2Fv2%2Fcomments&post=8215"}],"version-history":[{"count":0,"href":"https:\/\/atecordoba.org\/index.php?rest_route=\/wp\/v2\/posts\/8215\/revisions"}],"wp:featuredmedia":[{"embeddable":true,"href":"https:\/\/atecordoba.org\/index.php?rest_route=\/wp\/v2\/media\/19220"}],"wp:attachment":[{"href":"https:\/\/atecordoba.org\/index.php?rest_route=%2Fwp%2Fv2%2Fmedia&parent=8215"}],"wp:term":[{"taxonomy":"category","embeddable":true,"href":"https:\/\/atecordoba.org\/index.php?rest_route=%2Fwp%2Fv2%2Fcategories&post=8215"},{"taxonomy":"post_tag","embeddable":true,"href":"https:\/\/atecordoba.org\/index.php?rest_route=%2Fwp%2Fv2%2Ftags&post=8215"}],"curies":[{"name":"wp","href":"https:\/\/api.w.org\/{rel}","templated":true}]}}