{"id":8203,"date":"2017-03-15T15:49:41","date_gmt":"2017-03-15T18:49:41","guid":{"rendered":"http:\/\/www.atecordoba.org\/?p=8203"},"modified":"2017-03-15T15:49:41","modified_gmt":"2017-03-15T18:49:41","slug":"ate-acompano-a-las-organizaciones-sociales-en-el-reclamo-por-la-emergencia-social","status":"publish","type":"post","link":"https:\/\/atecordoba.org\/?p=8203","title":{"rendered":"ATE acompa\u00f1\u00f3 a las organizaciones sociales en el reclamo por la emergencia social"},"content":{"rendered":"<p><em>Una delegaci\u00f3n del Consejo Directivo Provincial C\u00f3rdoba particip\u00f3 de la concentraci\u00f3n frente al Patio Olmos reclamando la implementaci\u00f3n de la ley de Emergencia Social.<\/em><\/p>\n<p><img loading=\"lazy\" decoding=\"async\" class=\"aligncenter size-full wp-image-8207\" src=\"http:\/\/www.atecordoba.org\/wp-content\/uploads\/2017\/03\/20170315_120842-e1489603733280.jpg\" alt=\"\" width=\"550\" height=\"309\"><\/p>\n<p>&nbsp;<\/p>\n<p>Las organizaciones sociales se convocaron frente al Patio Olmos, centro neur\u00e1lgico de la ciudad, exigiendo que se implemente la norma que libera alrededor de 30 mil millones de pesos para emprendimientos que act\u00faen como dique de contenci\u00f3n al crecimiento acelerado de la pobreza en los sectores populares.<\/p>\n<p>La Confederaci\u00f3n de Trabajadores de la Econom\u00eda Popular (CTEP), Barrios de Pie, la Corriente Clasista y Combativa (CCC) y otras organizaciones expresaron su repudio a la falta de aplicaci\u00f3n de la ley por parte del gobierno nacional &#8220;mientras Macri fue bastante m\u00e1s r\u00e1pido para rebajar retenciones a los sojeros y mineras&#8221;, resumieron varios de los dirigentes sociales presentes.<\/p>\n<p><img loading=\"lazy\" decoding=\"async\" class=\"aligncenter size-full wp-image-8205\" src=\"http:\/\/www.atecordoba.org\/wp-content\/uploads\/2017\/03\/20170315_120232-e1489602007324.jpg\" alt=\"\" width=\"550\" height=\"309\"><\/p>\n<p>La delegaci\u00f3n de ATE estuvo integrada por el secretario Adjunto, Luis Barcena, y parte del secretariado provincial, tal como se hab\u00eda acordado en reuniones previas de la semana pasada, en consonancia con los lineamientos resueltos por la conducci\u00f3n nacional de nuestro gremio.<\/p>\n<p>Durante el acto realizado al mediod\u00eda, Barcena denunci\u00f3 que \u201chay una pol\u00edtica nacional que decanta a las provincias y municipios que destruye nuestra econom\u00eda, implementando las importaciones que llevan al cierre de f\u00e1bricas y vulneran la&nbsp;capacidad de generar trabajo para nuestra gente&#8221;.<\/p>\n<p><img loading=\"lazy\" decoding=\"async\" class=\"aligncenter size-full wp-image-8206\" src=\"http:\/\/www.atecordoba.org\/wp-content\/uploads\/2017\/03\/20170315_124005-e1489602067806.jpg\" alt=\"\" width=\"550\" height=\"309\"><\/p>\n<p>En otro tramo, el dirigente se\u00f1al\u00f3 que &#8220;hoy nos unifica la demanda contra este gobierno que sigue implementando m\u00e1s ajuste, m\u00e1s tarifazos, m\u00e1s impuestos y m\u00e1s negocios para sus grupos econ\u00f3micos, para sus amigos. Pero para nosotros, los que somos del pueblo, la tenemos que pelear todos los d\u00edas&#8221;.<\/p>\n<p>Barcena concluy\u00f3 asegurando que &#8220;por eso los trabajadores del Estado vemos con mucha preocupaci\u00f3n y repudiamos esta pol\u00edtica de miseria que aplica Macri, que Juan Schiaretti aplica en la provincia. Es claro que estamos en emergencia social&#8221;.<\/p>\n<p>En la oportunidad estuvieron presentes, el secretario Adminsitrativo Walter Secondino, Gremial, Diego Guerra, Progremial, Francisco Pavan, de Organizaci\u00f3n, Victor Lecuona, de Formaci\u00f3n, Jos\u00e9 Gorozo, de Prensa, Daniel Pawluchuzk, y de Interior, Alejandro Murua.<\/p>\n<div class=\"epyt-video-wrapper\"><iframe loading=\"lazy\"  style=\"display: block; margin: 0px auto;\"  id=\"_ytid_13716\"  width=\"480\" height=\"270\"  data-origwidth=\"480\" data-origheight=\"270\" src=\"https:\/\/www.youtube.com\/embed\/OimNHjmmdrA?enablejsapi=1&#038;autoplay=0&#038;cc_load_policy=0&#038;cc_lang_pref=&#038;iv_load_policy=3&#038;loop=0&#038;rel=0&#038;fs=1&#038;playsinline=0&#038;autohide=2&#038;theme=dark&#038;color=red&#038;controls=1&#038;disablekb=0&#038;\" class=\"__youtube_prefs__  epyt-is-override  no-lazyload\" title=\"YouTube player\"  allow=\"fullscreen; accelerometer; autoplay; clipboard-write; encrypted-media; gyroscope; picture-in-picture; web-share\" referrerpolicy=\"strict-origin-when-cross-origin\" allowfullscreen data-no-lazy=\"1\" data-skipgform_ajax_framebjll=\"\"><\/iframe><\/div>\n","protected":false},"excerpt":{"rendered":"<p>Una delegaci\u00f3n del Consejo Directivo Provincial C\u00f3rdoba particip\u00f3 de la concentraci\u00f3n frente al Patio Olmos reclamando la implementaci\u00f3n de la ley de Emergencia Social. &nbsp; Las organizaciones sociales se convocaron frente al Patio Olmos, centro neur\u00e1lgico de la ciudad, exigiendo que se implemente la norma que libera alrededor de 30 mil millones de pesos para [&hellip;]<\/p>\n","protected":false},"author":1,"featured_media":19220,"comment_status":"open","ping_status":"open","sticky":false,"template":"","format":"standard","meta":{"_exactmetrics_skip_tracking":false,"_exactmetrics_sitenote_active":false,"_exactmetrics_sitenote_note":"","_exactmetrics_sitenote_category":0,"jnews-multi-image_gallery":[],"jnews_single_post":[],"jnews_primary_category":[],"jnews_social_meta":[],"jnews_review":[],"enable_review":"","type":"","name":"","summary":"","brand":"","sku":"","good":[],"bad":[],"score_override":"","override_value":"","rating":[],"price":[],"jnews_override_counter":[],"jnews_post_split":[],"footnotes":""},"categories":[10],"tags":[],"class_list":["post-8203","post","type-post","status-publish","format-standard","has-post-thumbnail","hentry","category-accion-politica"],"jetpack_featured_media_url":"https:\/\/atecordoba.org\/wp-content\/uploads\/2020\/05\/logo-nuevochico-e1561581322808.png","_links":{"self":[{"href":"https:\/\/atecordoba.org\/index.php?rest_route=\/wp\/v2\/posts\/8203","targetHints":{"allow":["GET"]}}],"collection":[{"href":"https:\/\/atecordoba.org\/index.php?rest_route=\/wp\/v2\/posts"}],"about":[{"href":"https:\/\/atecordoba.org\/index.php?rest_route=\/wp\/v2\/types\/post"}],"author":[{"embeddable":true,"href":"https:\/\/atecordoba.org\/index.php?rest_route=\/wp\/v2\/users\/1"}],"replies":[{"embeddable":true,"href":"https:\/\/atecordoba.org\/index.php?rest_route=%2Fwp%2Fv2%2Fcomments&post=8203"}],"version-history":[{"count":0,"href":"https:\/\/atecordoba.org\/index.php?rest_route=\/wp\/v2\/posts\/8203\/revisions"}],"wp:featuredmedia":[{"embeddable":true,"href":"https:\/\/atecordoba.org\/index.php?rest_route=\/wp\/v2\/media\/19220"}],"wp:attachment":[{"href":"https:\/\/atecordoba.org\/index.php?rest_route=%2Fwp%2Fv2%2Fmedia&parent=8203"}],"wp:term":[{"taxonomy":"category","embeddable":true,"href":"https:\/\/atecordoba.org\/index.php?rest_route=%2Fwp%2Fv2%2Fcategories&post=8203"},{"taxonomy":"post_tag","embeddable":true,"href":"https:\/\/atecordoba.org\/index.php?rest_route=%2Fwp%2Fv2%2Ftags&post=8203"}],"curies":[{"name":"wp","href":"https:\/\/api.w.org\/{rel}","templated":true}]}}